{"id":1412,"date":"2017-04-26T19:13:15","date_gmt":"2017-04-26T19:13:15","guid":{"rendered":"http:\/\/www.cafesaula.com\/blog\/?p=1412"},"modified":"2017-05-18T10:25:16","modified_gmt":"2017-05-18T10:25:16","slug":"sinicia-el-concurs-el-sommelier-del-cafe","status":"publish","type":"post","link":"https:\/\/www.cafesaula.com\/blog\/ca\/sinicia-el-concurs-el-sommelier-del-cafe\/","title":{"rendered":"S&#8217;inicia el concurs \u2018El sommelier del caf\u00e8\u2019"},"content":{"rendered":"<p><\/p>\n<p style=\"text-align: justify;\">Aquests \u00faltims dies s&#8217;ha estat cuinant una cosa molt interessant a <strong><a href=\"http:\/\/www.cafesaula.com\/\">Caf\u00e9 Saula<\/a><\/strong>. Es tracta de la fase de formaci\u00f3 del concurs <strong>\u2018El sommelier del caf\u00e8\u2019<\/strong>, creat per <strong><a href=\"http:\/\/www.cafesaula.com\/\">Caf\u00e9 Saula<\/a><\/strong> i que t\u00e9 com a objectiu principal difondre la <strong>cultura del caf\u00e8<\/strong> a trav\u00e9s de la <strong>formaci\u00f3 cont\u00ednua<\/strong>.<\/p>\n<p style=\"text-align: justify;\">Despr\u00e9s d&#8217;una primera fase en la qual es va fer un test a <strong>m\u00e9s de trenta alumnes de la <a href=\"http:\/\/www.eshob.com\/ca\/\">ESHOB<\/a><\/strong> desitjosos de participar, els <strong>setze semifinalistes<\/strong> han pogut fer dos dies de formaci\u00f3 a les instal\u00b7lacions de <strong><a href=\"http:\/\/www.cafesaula.com\/\">Caf\u00e9 Saula<\/a><\/strong>. Unes jornades en les qu\u00e8 els participants han pogut ampliar i aprofundir sobre el <strong>coneixement i el tractament del caf\u00e8<\/strong>. Aix\u00f2 s\u00ed, sempre enfocant el <strong>caf\u00e8 espresso<\/strong> com una de les <strong>begudes m\u00e9s arom\u00e0tiques<\/strong> que existeixen. Igual que amb un bon vi, cal saber c\u00e0tar i apreciar un bon caf\u00e8 en tota la seva <strong>complexitat arom\u00e0tica<\/strong>.<\/p>\n<p style=\"text-align: justify;\">El seg\u00fcent pas del concurs \u00e9s participar a la <strong>semifinal<\/strong>, que es realitzar\u00e0 el proper <strong>12 de maig a les instal\u00b7lacions de la <a href=\"http:\/\/www.eshob.com\/ca\/\">ESHOB<\/a><\/strong>. Per a poder accedir, els alumnes hauran de repetir un test d&#8217;admissi\u00f3 amb preguntes sobre el <strong>m\u00f3n del caf\u00e8<\/strong>.<\/p>\n<p style=\"text-align: justify;\">La<strong> gran final<\/strong>\u00a0tindr\u00e0 lloc <strong>el 7 de juny\u00a0a les instal\u00b7lacions de <a href=\"http:\/\/www.cafesaula.com\/\">Caf\u00e9 Saula<\/a><\/strong>. D&#8217;altra banda, us comuniquem que, malgrat que en aquesta primera edici\u00f3 el concurs est\u00e0 destinat als <strong>alumnes de la <a href=\"http:\/\/www.eshob.com\/ca\/\">ESHOB<\/a><\/strong>, en la propera edici\u00f3 s&#8217;ampliar\u00e0 al <strong>p\u00fablic general<\/strong>. Us anirem informant!<\/p>\n<p style=\"text-align: justify;\"><strong>Des de <a href=\"http:\/\/www.cafesaula.com\/\">Caf\u00e9 Saula<\/a> estem molt entusiasmats amb aquest concurs i desitgem molta sort als participants!<\/strong><\/p>\n<p><div id='gallery-2' class='gallery galleryid-1412 gallery-columns-3 gallery-size-full'><figure class='gallery-item'>\n\t\t\t<div class='gallery-icon landscape'>\n\t\t\t\t<a href='https:\/\/www.cafesaula.com\/blog\/ca\/sinicia-el-concurs-el-sommelier-del-cafe\/concurs-1\/'><img loading=\"lazy\" decoding=\"async\" width=\"711\" height=\"400\" src=\"https:\/\/www.cafesaula.com\/blog\/wp-content\/uploads\/2017\/04\/concurs-1.jpg\" class=\"attachment-full size-full\" alt=\"\" srcset=\"https:\/\/www.cafesaula.com\/blog\/wp-content\/uploads\/2017\/04\/concurs-1.jpg 711w, https:\/\/www.cafesaula.com\/blog\/wp-content\/uploads\/2017\/04\/concurs-1-319x180.jpg 319w, https:\/\/www.cafesaula.com\/blog\/wp-content\/uploads\/2017\/04\/concurs-1-631x355.jpg 631w\" sizes=\"auto, (max-width: 711px) 100vw, 711px\" \/><\/a>\n\t\t\t<\/div><\/figure><figure class='gallery-item'>\n\t\t\t<div class='gallery-icon landscape'>\n\t\t\t\t<a href='https:\/\/www.cafesaula.com\/blog\/ca\/sinicia-el-concurs-el-sommelier-del-cafe\/concurs-2\/'><img loading=\"lazy\" decoding=\"async\" width=\"711\" height=\"400\" src=\"https:\/\/www.cafesaula.com\/blog\/wp-content\/uploads\/2017\/04\/concurs-2.jpg\" class=\"attachment-full size-full\" alt=\"\" srcset=\"https:\/\/www.cafesaula.com\/blog\/wp-content\/uploads\/2017\/04\/concurs-2.jpg 711w, https:\/\/www.cafesaula.com\/blog\/wp-content\/uploads\/2017\/04\/concurs-2-319x180.jpg 319w, https:\/\/www.cafesaula.com\/blog\/wp-content\/uploads\/2017\/04\/concurs-2-631x355.jpg 631w\" sizes=\"auto, (max-width: 711px) 100vw, 711px\" \/><\/a>\n\t\t\t<\/div><\/figure><figure class='gallery-item'>\n\t\t\t<div class='gallery-icon landscape'>\n\t\t\t\t<a href='https:\/\/www.cafesaula.com\/blog\/ca\/sinicia-el-concurs-el-sommelier-del-cafe\/concurs3\/'><img loading=\"lazy\" decoding=\"async\" width=\"711\" height=\"400\" src=\"https:\/\/www.cafesaula.com\/blog\/wp-content\/uploads\/2017\/04\/concurs3.jpg\" class=\"attachment-full size-full\" alt=\"\" srcset=\"https:\/\/www.cafesaula.com\/blog\/wp-content\/uploads\/2017\/04\/concurs3.jpg 711w, https:\/\/www.cafesaula.com\/blog\/wp-content\/uploads\/2017\/04\/concurs3-319x180.jpg 319w, https:\/\/www.cafesaula.com\/blog\/wp-content\/uploads\/2017\/04\/concurs3-631x355.jpg 631w\" sizes=\"auto, (max-width: 711px) 100vw, 711px\" \/><\/a>\n\t\t\t<\/div><\/figure><figure class='gallery-item'>\n\t\t\t<div class='gallery-icon landscape'>\n\t\t\t\t<a href='https:\/\/www.cafesaula.com\/blog\/ca\/sinicia-el-concurs-el-sommelier-del-cafe\/img_4837-copia\/'><img loading=\"lazy\" decoding=\"async\" width=\"711\" height=\"400\" src=\"https:\/\/www.cafesaula.com\/blog\/wp-content\/uploads\/2017\/04\/IMG_4837-copia.jpg\" class=\"attachment-full size-full\" alt=\"\" srcset=\"https:\/\/www.cafesaula.com\/blog\/wp-content\/uploads\/2017\/04\/IMG_4837-copia.jpg 711w, https:\/\/www.cafesaula.com\/blog\/wp-content\/uploads\/2017\/04\/IMG_4837-copia-319x180.jpg 319w, https:\/\/www.cafesaula.com\/blog\/wp-content\/uploads\/2017\/04\/IMG_4837-copia-631x355.jpg 631w\" sizes=\"auto, (max-width: 711px) 100vw, 711px\" \/><\/a>\n\t\t\t<\/div><\/figure>\n\t\t<\/div>\n<\/p>","protected":false},"excerpt":{"rendered":"<p>Aquests \u00faltims dies s&#8217;ha estat cuinant una cosa molt interessant a Caf\u00e9 Saula. Es tracta de la fase de formaci\u00f3 del concurs \u2018El sommelier del caf\u00e8\u2019, creat per Caf\u00e9 Saula i que t\u00e9 com a objectiu principal difondre la cultura del caf\u00e8 a trav\u00e9s de la formaci\u00f3 cont\u00ednua. Despr\u00e9s d&#8217;una primera fase en la qual&#8230;<\/p>\n","protected":false},"author":2,"featured_media":1427,"comment_status":"closed","ping_status":"closed","sticky":false,"template":"","format":"gallery","meta":{"footnotes":""},"categories":[2,61,365],"tags":[197,35,50,639,638,189,414,190],"class_list":["post-1412","post","type-post","status-publish","format-gallery","has-post-thumbnail","hentry","category-cafe","category-esdeveniments","category-novetats","tag-barista","tag-cafe-2","tag-cafe-saula","tag-concurso","tag-el-sommelier-del-cafe","tag-eshob","tag-hosteleria","tag-sommelier","post_format-post-format-gallery"],"_links":{"self":[{"href":"https:\/\/www.cafesaula.com\/blog\/ca\/wp-json\/wp\/v2\/posts\/1412","targetHints":{"allow":["GET"]}}],"collection":[{"href":"https:\/\/www.cafesaula.com\/blog\/ca\/wp-json\/wp\/v2\/posts"}],"about":[{"href":"https:\/\/www.cafesaula.com\/blog\/ca\/wp-json\/wp\/v2\/types\/post"}],"author":[{"embeddable":true,"href":"https:\/\/www.cafesaula.com\/blog\/ca\/wp-json\/wp\/v2\/users\/2"}],"replies":[{"embeddable":true,"href":"https:\/\/www.cafesaula.com\/blog\/ca\/wp-json\/wp\/v2\/comments?post=1412"}],"version-history":[{"count":9,"href":"https:\/\/www.cafesaula.com\/blog\/ca\/wp-json\/wp\/v2\/posts\/1412\/revisions"}],"predecessor-version":[{"id":1436,"href":"https:\/\/www.cafesaula.com\/blog\/ca\/wp-json\/wp\/v2\/posts\/1412\/revisions\/1436"}],"wp:featuredmedia":[{"embeddable":true,"href":"https:\/\/www.cafesaula.com\/blog\/ca\/wp-json\/wp\/v2\/media\/1427"}],"wp:attachment":[{"href":"https:\/\/www.cafesaula.com\/blog\/ca\/wp-json\/wp\/v2\/media?parent=1412"}],"wp:term":[{"taxonomy":"category","embeddable":true,"href":"https:\/\/www.cafesaula.com\/blog\/ca\/wp-json\/wp\/v2\/categories?post=1412"},{"taxonomy":"post_tag","embeddable":true,"href":"https:\/\/www.cafesaula.com\/blog\/ca\/wp-json\/wp\/v2\/tags?post=1412"}],"curies":[{"name":"wp","href":"https:\/\/api.w.org\/{rel}","templated":true}]}}