{"id":1548,"date":"2017-07-27T07:07:36","date_gmt":"2017-07-27T07:07:36","guid":{"rendered":"http:\/\/www.cafesaula.com\/blog\/?p=1548"},"modified":"2017-07-27T07:07:36","modified_gmt":"2017-07-27T07:07:36","slug":"unes-vacances-banyades-amb-molt-cafe","status":"publish","type":"post","link":"https:\/\/www.cafesaula.com\/blog\/ca\/unes-vacances-banyades-amb-molt-cafe\/","title":{"rendered":"Unes vacances banyades amb molt caf\u00e8"},"content":{"rendered":"<p><strong>Caf\u00e8 <em>affogato<\/em><\/strong> amb gelat de vainilla,<em> <strong>smoothie <\/strong><\/em><strong>de caf\u00e8<\/strong> o <strong>espresso gelat a la caribenya <\/strong>s\u00f3n nom\u00e9s algunes de les milers de varietats que tot <strong>amant del caf\u00e8<\/strong> pot provar durant aquestes vacances.<\/p>\n<p>A <strong><a href=\"http:\/\/www.cafesaula.com\/\">Caf\u00e9 Saula<\/a><\/strong> ja estem recopilant totes les receptes per quan puguem gaudir de moments de relax i tranquil\u00b7litat al costat dels nostres. I \u00e9s que, ja sigui viatjant per terres llunyanes o al costat del mar gaudint de la posta de sol, <strong>el caf\u00e8 sempre ens estar\u00e0 acompanyant<\/strong>.<\/p>\n<p>I, aix\u00f2 s\u00ed, al setembre tornarem carregats d&#8217;energia i amb moltes novetats. <strong>Bones vacances!<\/strong><\/p>","protected":false},"excerpt":{"rendered":"<p>Caf\u00e8 affogato amb gelat de vainilla, smoothie de caf\u00e8 o espresso gelat a la caribenya s\u00f3n nom\u00e9s algunes de les milers de varietats que tot amant del caf\u00e8 pot provar durant aquestes vacances. A Caf\u00e9 Saula ja estem recopilant totes les receptes per quan puguem gaudir de moments de relax i tranquil\u00b7litat al costat dels&#8230;<\/p>\n","protected":false},"author":2,"featured_media":1549,"comment_status":"closed","ping_status":"closed","sticky":false,"template":"","format":"standard","meta":{"footnotes":""},"categories":[164],"tags":[715,35,50,716,247,714],"class_list":["post-1548","post","type-post","status-publish","format-standard","has-post-thumbnail","hentry","category-ritualers-2","tag-amants-cafe","tag-cafe-2","tag-cafe-saula","tag-coffee-lovers","tag-vacaciones-verano","tag-vacances-estiu"],"_links":{"self":[{"href":"https:\/\/www.cafesaula.com\/blog\/ca\/wp-json\/wp\/v2\/posts\/1548","targetHints":{"allow":["GET"]}}],"collection":[{"href":"https:\/\/www.cafesaula.com\/blog\/ca\/wp-json\/wp\/v2\/posts"}],"about":[{"href":"https:\/\/www.cafesaula.com\/blog\/ca\/wp-json\/wp\/v2\/types\/post"}],"author":[{"embeddable":true,"href":"https:\/\/www.cafesaula.com\/blog\/ca\/wp-json\/wp\/v2\/users\/2"}],"replies":[{"embeddable":true,"href":"https:\/\/www.cafesaula.com\/blog\/ca\/wp-json\/wp\/v2\/comments?post=1548"}],"version-history":[{"count":5,"href":"https:\/\/www.cafesaula.com\/blog\/ca\/wp-json\/wp\/v2\/posts\/1548\/revisions"}],"predecessor-version":[{"id":1554,"href":"https:\/\/www.cafesaula.com\/blog\/ca\/wp-json\/wp\/v2\/posts\/1548\/revisions\/1554"}],"wp:featuredmedia":[{"embeddable":true,"href":"https:\/\/www.cafesaula.com\/blog\/ca\/wp-json\/wp\/v2\/media\/1549"}],"wp:attachment":[{"href":"https:\/\/www.cafesaula.com\/blog\/ca\/wp-json\/wp\/v2\/media?parent=1548"}],"wp:term":[{"taxonomy":"category","embeddable":true,"href":"https:\/\/www.cafesaula.com\/blog\/ca\/wp-json\/wp\/v2\/categories?post=1548"},{"taxonomy":"post_tag","embeddable":true,"href":"https:\/\/www.cafesaula.com\/blog\/ca\/wp-json\/wp\/v2\/tags?post=1548"}],"curies":[{"name":"wp","href":"https:\/\/api.w.org\/{rel}","templated":true}]}}