{"id":1712,"date":"2017-12-18T10:39:15","date_gmt":"2017-12-18T10:39:15","guid":{"rendered":"http:\/\/www.cafesaula.com\/blog\/?p=1712"},"modified":"2017-12-18T11:46:49","modified_gmt":"2017-12-18T11:46:49","slug":"cafe-saula-fa-una-demostracio-barista-al-instituto-espanol-de-cafe","status":"publish","type":"post","link":"https:\/\/www.cafesaula.com\/blog\/ca\/cafe-saula-fa-una-demostracio-barista-al-instituto-espanol-de-cafe\/","title":{"rendered":"Caf\u00e9 Saula visita la Fundaci\u00f3n Instituto Espa\u00f1ol de Caf\u00e9"},"content":{"rendered":"<p><\/p>\n<p style=\"text-align: justify;\">La setmana passada les nostres\u00a0baristes\u00a0<strong>Sandra Melis<\/strong> i <strong>Noemi\u00a0Paoli\u00a0<\/strong>van anar a la <strong><a href=\"https:\/\/www.iecafe.es\/es\/\">Fundaci\u00f3\u00a0IeCaf\u00e9\u00a0\u2013 Instituto Espa\u00f1ol de Caf\u00e9<\/a><\/strong>, on van fer un tast de dotze\u00a0monor\u00edgens\u00a0de molt alta qualitat. A\u00a0la trobada van tenir l&#8217;oportunitat de con\u00e8ixer a <strong>Axel Sim\u00f3n<\/strong>, guanyador del <strong>Campionat\u00a0Barista d&#8217;Espanya 2017.\u00a0<\/strong>All\u00e0 l\u2019Axel va explicar als assistents la seva experi\u00e8ncia i els motius pels quals va decidir portar al mundial un\u00a0<strong>Blend<\/strong>\u00a0compost per or\u00edgens d&#8217;<strong>Eti\u00f2pia<\/strong> i del <strong>Brasil<\/strong>.\u00a0Pa\u00efsos en els quals <a href=\"https:\/\/www.cafesaula.com\/blog\/\"><strong>Caf\u00e9 Saula<\/strong><\/a> tamb\u00e9 compra el seu <strong>caf\u00e8<\/strong>.<\/p>\n<p style=\"text-align: justify;\"><strong>Des de <a href=\"http:\/\/www.cafesaula.com\/\">Caf\u00e9\u00a0Saula\u00a0<\/a>estem molt contents d&#8217;haver pogut viure aquesta experi\u00e8ncia tan enriquidora. Fins aviat!<\/strong><\/p>\n<p><div id='gallery-2' class='gallery galleryid-1712 gallery-columns-3 gallery-size-full'><figure class='gallery-item'>\n\t\t\t<div class='gallery-icon landscape'>\n\t\t\t\t<a href='https:\/\/www.cafesaula.com\/blog\/ca\/cafe-saula-fa-una-demostracio-barista-al-instituto-espanol-de-cafe\/bdr\/'><img loading=\"lazy\" decoding=\"async\" width=\"2975\" height=\"2608\" src=\"https:\/\/www.cafesaula.com\/blog\/wp-content\/uploads\/2017\/12\/cafesaula12.jpg\" class=\"attachment-full size-full\" alt=\"\" srcset=\"https:\/\/www.cafesaula.com\/blog\/wp-content\/uploads\/2017\/12\/cafesaula12.jpg 2975w, https:\/\/www.cafesaula.com\/blog\/wp-content\/uploads\/2017\/12\/cafesaula12-205x180.jpg 205w, https:\/\/www.cafesaula.com\/blog\/wp-content\/uploads\/2017\/12\/cafesaula12-768x673.jpg 768w, https:\/\/www.cafesaula.com\/blog\/wp-content\/uploads\/2017\/12\/cafesaula12-405x355.jpg 405w\" sizes=\"auto, (max-width: 2975px) 100vw, 2975px\" \/><\/a>\n\t\t\t<\/div><\/figure><figure class='gallery-item'>\n\t\t\t<div class='gallery-icon landscape'>\n\t\t\t\t<a href='https:\/\/www.cafesaula.com\/blog\/ca\/cafe-saula-fa-una-demostracio-barista-al-instituto-espanol-de-cafe\/bty\/'><img loading=\"lazy\" decoding=\"async\" width=\"711\" height=\"533\" src=\"https:\/\/www.cafesaula.com\/blog\/wp-content\/uploads\/2017\/12\/cafe-saula1.jpg\" class=\"attachment-full size-full\" alt=\"\" srcset=\"https:\/\/www.cafesaula.com\/blog\/wp-content\/uploads\/2017\/12\/cafe-saula1.jpg 711w, https:\/\/www.cafesaula.com\/blog\/wp-content\/uploads\/2017\/12\/cafe-saula1-240x180.jpg 240w, https:\/\/www.cafesaula.com\/blog\/wp-content\/uploads\/2017\/12\/cafe-saula1-474x355.jpg 474w\" sizes=\"auto, (max-width: 711px) 100vw, 711px\" \/><\/a>\n\t\t\t<\/div><\/figure>\n\t\t<\/div>\n<\/p>","protected":false},"excerpt":{"rendered":"<p>La setmana passada les nostres\u00a0baristes\u00a0Sandra Melis i Noemi\u00a0Paoli\u00a0van anar a la Fundaci\u00f3\u00a0IeCaf\u00e9\u00a0\u2013 Instituto Espa\u00f1ol de Caf\u00e9, on van fer un tast de dotze\u00a0monor\u00edgens\u00a0de molt alta qualitat. A\u00a0la trobada van tenir l&#8217;oportunitat de con\u00e8ixer a Axel Sim\u00f3n, guanyador del Campionat\u00a0Barista d&#8217;Espanya 2017.\u00a0All\u00e0 l\u2019Axel va explicar als assistents la seva experi\u00e8ncia i els motius pels quals va&#8230;<\/p>\n","protected":false},"author":2,"featured_media":1713,"comment_status":"closed","ping_status":"closed","sticky":false,"template":"","format":"gallery","meta":{"footnotes":""},"categories":[61,365,164],"tags":[798,197,799,515,35,50,317,800,383,796,797,66],"class_list":["post-1712","post","type-post","status-publish","format-gallery","has-post-thumbnail","hentry","category-esdeveniments","category-novetats","category-ritualers-2","tag-alex-simon","tag-barista","tag-blend","tag-brasil","tag-cafe-2","tag-cafe-saula","tag-cata","tag-demostracion","tag-etiopia","tag-fundacion-iecafe","tag-instituto-espanol-de-cafe","tag-premium","post_format-post-format-gallery"],"_links":{"self":[{"href":"https:\/\/www.cafesaula.com\/blog\/ca\/wp-json\/wp\/v2\/posts\/1712","targetHints":{"allow":["GET"]}}],"collection":[{"href":"https:\/\/www.cafesaula.com\/blog\/ca\/wp-json\/wp\/v2\/posts"}],"about":[{"href":"https:\/\/www.cafesaula.com\/blog\/ca\/wp-json\/wp\/v2\/types\/post"}],"author":[{"embeddable":true,"href":"https:\/\/www.cafesaula.com\/blog\/ca\/wp-json\/wp\/v2\/users\/2"}],"replies":[{"embeddable":true,"href":"https:\/\/www.cafesaula.com\/blog\/ca\/wp-json\/wp\/v2\/comments?post=1712"}],"version-history":[{"count":9,"href":"https:\/\/www.cafesaula.com\/blog\/ca\/wp-json\/wp\/v2\/posts\/1712\/revisions"}],"predecessor-version":[{"id":1723,"href":"https:\/\/www.cafesaula.com\/blog\/ca\/wp-json\/wp\/v2\/posts\/1712\/revisions\/1723"}],"wp:featuredmedia":[{"embeddable":true,"href":"https:\/\/www.cafesaula.com\/blog\/ca\/wp-json\/wp\/v2\/media\/1713"}],"wp:attachment":[{"href":"https:\/\/www.cafesaula.com\/blog\/ca\/wp-json\/wp\/v2\/media?parent=1712"}],"wp:term":[{"taxonomy":"category","embeddable":true,"href":"https:\/\/www.cafesaula.com\/blog\/ca\/wp-json\/wp\/v2\/categories?post=1712"},{"taxonomy":"post_tag","embeddable":true,"href":"https:\/\/www.cafesaula.com\/blog\/ca\/wp-json\/wp\/v2\/tags?post=1712"}],"curies":[{"name":"wp","href":"https:\/\/api.w.org\/{rel}","templated":true}]}}