{"id":1823,"date":"2018-05-17T09:13:25","date_gmt":"2018-05-17T09:13:25","guid":{"rendered":"http:\/\/www.cafesaula.com\/blog\/?p=1823"},"modified":"2018-05-17T09:16:15","modified_gmt":"2018-05-17T09:16:15","slug":"cafe-saula-premi-a-lexcel%c2%b7lencia-en-el-servei-de-port-aventura-world-parks-resort","status":"publish","type":"post","link":"https:\/\/www.cafesaula.com\/blog\/ca\/cafe-saula-premi-a-lexcel%c2%b7lencia-en-el-servei-de-port-aventura-world-parks-resort\/","title":{"rendered":"Caf\u00e9 Saula, Premi a l&#8217;Excel\u00b7l\u00e8ncia en el Servei de Port Aventura World Parks &#038; Resort"},"content":{"rendered":"<p><\/p>\n<p style=\"text-align: justify;\">Des de <strong><a href=\"http:\/\/www.cafesaula.com\/\">Caf\u00e9\u00a0Saula\u00a0<\/a><\/strong>estem molt orgullosos d&#8217;anunciar que aquest 16 de maig hem rebut el <strong><a href=\"https:\/\/s3-eu-west-1.amazonaws.com\/portaventura-world-production-files\/wilson_cms\/documents\/documents\/000\/007\/129\/original\/NdP_PortAventura_World_celebra_la_3a_edici%C3%B3n_de_la_Jornada_de_Di%C3%A1logo_co....pdf\">Premi a l&#8217;Excel\u00b7l\u00e8ncia en el Servei, lliurat per Port Aventura\u00a0World\u00a0Parks\u00a0&amp;\u00a0Resort<\/a><\/strong>. \u201cUn premi a la capacitat de resposta davant un problema, l&#8217;orientaci\u00f3 als clients i la implicaci\u00f3 de tots els membres de l&#8217;equip en l&#8217;elaboraci\u00f3 d&#8217;un producte de qualitat, acompanyat d&#8217;un servei excel\u00b7lent i sostenible.\u00a0Saula\u00a0compta amb <strong>l&#8217;exclusivitat en la categoria de caf\u00e8<\/strong> en tot el\u00a0resort\u201d, s&#8217;ha anunciat en la nota de premsa oficial.<\/p>\n<p style=\"text-align: justify;\">El lliurament dels premis, dividits en quatre categories, ha estat una novetat d&#8217;aquest any i s&#8217;ha realitzat en el marc de la tercera edici\u00f3 de la <strong>Jornada de Di\u00e0leg amb Prove\u00efdors<\/strong>. Tal com va recordar\u00a0Choni\u00a0Fern\u00e1ndez, Directora de Serveis Centrals,\u00a0<strong><a href=\"https:\/\/www.portaventuraworld.com\/?gclid=Cj0KCQjw0PTXBRCGARIsAKNYfG3kw0Jm7CFy9HyAYfK5zO7gFQZuF5ZqBjCMJsXYfaCXuzuSuUEt0yoaAqU8EALw_wcB&amp;gclsrc=aw.ds\">PortAventura\u00a0World\u00a0<\/a>compta amb 1.048 prove\u00efdors<\/strong>, dels quals un <strong>81% s\u00f3n prove\u00efdors nacionals<\/strong>, amb un volum de compres a prove\u00efdors de <strong>140 milions d&#8217;euros<\/strong>.<\/p>\n<p style=\"text-align: justify;\"><strong>Des de <a href=\"http:\/\/www.cafesaula.com\/\">Caf\u00e9\u00a0Saula\u00a0<\/a>seguirem treballant per oferir el millor servei al recinte i, sobretot, el millor caf\u00e8.<\/strong><\/p>\n<p><div id='gallery-2' class='gallery galleryid-1823 gallery-columns-3 gallery-size-full'><figure class='gallery-item'>\n\t\t\t<div class='gallery-icon landscape'>\n\t\t\t\t<a href='https:\/\/www.cafesaula.com\/blog\/ca\/cafe-saula-premi-a-lexcel%c2%b7lencia-en-el-servei-de-port-aventura-world-parks-resort\/cafe-saula-pa2\/'><img loading=\"lazy\" decoding=\"async\" width=\"711\" height=\"474\" src=\"https:\/\/www.cafesaula.com\/blog\/wp-content\/uploads\/2018\/05\/Cafe-Saula-PA2.jpg\" class=\"attachment-full size-full\" alt=\"\" srcset=\"https:\/\/www.cafesaula.com\/blog\/wp-content\/uploads\/2018\/05\/Cafe-Saula-PA2.jpg 711w, https:\/\/www.cafesaula.com\/blog\/wp-content\/uploads\/2018\/05\/Cafe-Saula-PA2-270x180.jpg 270w, https:\/\/www.cafesaula.com\/blog\/wp-content\/uploads\/2018\/05\/Cafe-Saula-PA2-533x355.jpg 533w\" sizes=\"auto, (max-width: 711px) 100vw, 711px\" \/><\/a>\n\t\t\t<\/div><\/figure><figure class='gallery-item'>\n\t\t\t<div class='gallery-icon landscape'>\n\t\t\t\t<a href='https:\/\/www.cafesaula.com\/blog\/ca\/cafe-saula-premi-a-lexcel%c2%b7lencia-en-el-servei-de-port-aventura-world-parks-resort\/cafe-saula-pa\/'><img loading=\"lazy\" decoding=\"async\" width=\"711\" height=\"474\" src=\"https:\/\/www.cafesaula.com\/blog\/wp-content\/uploads\/2018\/05\/Cafe-Saula-PA.jpg\" class=\"attachment-full size-full\" alt=\"\" srcset=\"https:\/\/www.cafesaula.com\/blog\/wp-content\/uploads\/2018\/05\/Cafe-Saula-PA.jpg 711w, https:\/\/www.cafesaula.com\/blog\/wp-content\/uploads\/2018\/05\/Cafe-Saula-PA-270x180.jpg 270w, https:\/\/www.cafesaula.com\/blog\/wp-content\/uploads\/2018\/05\/Cafe-Saula-PA-533x355.jpg 533w\" sizes=\"auto, (max-width: 711px) 100vw, 711px\" \/><\/a>\n\t\t\t<\/div><\/figure><figure class='gallery-item'>\n\t\t\t<div class='gallery-icon landscape'>\n\t\t\t\t<a href='https:\/\/www.cafesaula.com\/blog\/ca\/cafe-saula-premi-a-lexcel%c2%b7lencia-en-el-servei-de-port-aventura-world-parks-resort\/cafe-saula-pa3\/'><img loading=\"lazy\" decoding=\"async\" width=\"711\" height=\"474\" src=\"https:\/\/www.cafesaula.com\/blog\/wp-content\/uploads\/2018\/05\/Cafe-Saula-PA3.jpg\" class=\"attachment-full size-full\" alt=\"\" srcset=\"https:\/\/www.cafesaula.com\/blog\/wp-content\/uploads\/2018\/05\/Cafe-Saula-PA3.jpg 711w, https:\/\/www.cafesaula.com\/blog\/wp-content\/uploads\/2018\/05\/Cafe-Saula-PA3-270x180.jpg 270w, https:\/\/www.cafesaula.com\/blog\/wp-content\/uploads\/2018\/05\/Cafe-Saula-PA3-533x355.jpg 533w\" sizes=\"auto, (max-width: 711px) 100vw, 711px\" \/><\/a>\n\t\t\t<\/div><\/figure>\n\t\t<\/div>\n<\/p>","protected":false},"excerpt":{"rendered":"<p>Des de Caf\u00e9\u00a0Saula\u00a0estem molt orgullosos d&#8217;anunciar que aquest 16 de maig hem rebut el Premi a l&#8217;Excel\u00b7l\u00e8ncia en el Servei, lliurat per Port Aventura\u00a0World\u00a0Parks\u00a0&amp;\u00a0Resort. \u201cUn premi a la capacitat de resposta davant un problema, l&#8217;orientaci\u00f3 als clients i la implicaci\u00f3 de tots els membres de l&#8217;equip en l&#8217;elaboraci\u00f3 d&#8217;un producte de qualitat, acompanyat d&#8217;un servei&#8230;<\/p>\n","protected":false},"author":2,"featured_media":1829,"comment_status":"closed","ping_status":"closed","sticky":false,"template":"","format":"gallery","meta":{"footnotes":""},"categories":[2,61,365],"tags":[35,50,843,97,408,844,66,845,215],"class_list":["post-1823","post","type-post","status-publish","format-gallery","has-post-thumbnail","hentry","category-cafe","category-esdeveniments","category-novetats","tag-cafe-2","tag-cafe-saula","tag-excelencia-servicio","tag-lluis-saula","tag-port-aventura","tag-premio","tag-premium","tag-proveedor","tag-servicio-tecnico","post_format-post-format-gallery"],"_links":{"self":[{"href":"https:\/\/www.cafesaula.com\/blog\/ca\/wp-json\/wp\/v2\/posts\/1823","targetHints":{"allow":["GET"]}}],"collection":[{"href":"https:\/\/www.cafesaula.com\/blog\/ca\/wp-json\/wp\/v2\/posts"}],"about":[{"href":"https:\/\/www.cafesaula.com\/blog\/ca\/wp-json\/wp\/v2\/types\/post"}],"author":[{"embeddable":true,"href":"https:\/\/www.cafesaula.com\/blog\/ca\/wp-json\/wp\/v2\/users\/2"}],"replies":[{"embeddable":true,"href":"https:\/\/www.cafesaula.com\/blog\/ca\/wp-json\/wp\/v2\/comments?post=1823"}],"version-history":[{"count":4,"href":"https:\/\/www.cafesaula.com\/blog\/ca\/wp-json\/wp\/v2\/posts\/1823\/revisions"}],"predecessor-version":[{"id":1833,"href":"https:\/\/www.cafesaula.com\/blog\/ca\/wp-json\/wp\/v2\/posts\/1823\/revisions\/1833"}],"wp:featuredmedia":[{"embeddable":true,"href":"https:\/\/www.cafesaula.com\/blog\/ca\/wp-json\/wp\/v2\/media\/1829"}],"wp:attachment":[{"href":"https:\/\/www.cafesaula.com\/blog\/ca\/wp-json\/wp\/v2\/media?parent=1823"}],"wp:term":[{"taxonomy":"category","embeddable":true,"href":"https:\/\/www.cafesaula.com\/blog\/ca\/wp-json\/wp\/v2\/categories?post=1823"},{"taxonomy":"post_tag","embeddable":true,"href":"https:\/\/www.cafesaula.com\/blog\/ca\/wp-json\/wp\/v2\/tags?post=1823"}],"curies":[{"name":"wp","href":"https:\/\/api.w.org\/{rel}","templated":true}]}}