{"id":1843,"date":"2018-06-06T08:32:21","date_gmt":"2018-06-06T08:32:21","guid":{"rendered":"http:\/\/www.cafesaula.com\/blog\/?p=1843"},"modified":"2018-06-06T08:33:06","modified_gmt":"2018-06-06T08:33:06","slug":"maria-salom-claudia-capella-i-ana-balseca-guanyadores-del-ii-concurs-el-sommelier-del-cafe","status":"publish","type":"post","link":"https:\/\/www.cafesaula.com\/blog\/ca\/maria-salom-claudia-capella-i-ana-balseca-guanyadores-del-ii-concurs-el-sommelier-del-cafe\/","title":{"rendered":"Mar\u00eda Salom, Claudia Capella i Ana Balseca, guanyadores del II concurs \u2018El sommelier del caf\u00e8\u2019"},"content":{"rendered":"<p>Aquest 5 de juny s&#8217;ha celebrat a les instal\u00b7lacions de <strong><a href=\"http:\/\/www.eshob.com\/?gclid=Cj0KCQjwjN7YBRCOARIsAFCb934UEBJvxIFO4_8jc-7vMA7GJFtppx6yvplsqSzD4iUtvCr8VtfQdeIaAkfHEALw_wcB\">l\u2019Escola\u00a0Superior d\u2019Hostaleria de Barcelona (ESHOB)<\/a><\/strong>\u00a0la gran final del <strong>II Concurs \u2018El\u00a0Sommelier\u00a0del Caf\u00e8\u2019<\/strong>, organitzat per <strong><a href=\"http:\/\/www.cafesaula.com\/\">Caf\u00e9\u00a0Saula<\/a><\/strong>. All\u00e0 han participat els sis finalistes, tots ells alumnes de l&#8217;escola, que ja havien demostrat un alt nivell a la semifinal.<\/p>\n<p style=\"text-align: justify;\">Despr\u00e9s d&#8217;un intens mat\u00ed de competici\u00f3, finalment les tres classificades han estat:<\/p>\n<p style=\"text-align: justify;\"><strong><u>Primera classificada:<\/u><\/strong> <strong>Mar\u00eda Salom<\/strong>, qui ha rebut un <strong>premi de 1.000 euros<\/strong>, una m\u00e0quina i molinet especial de\u00a0<strong>Rancilio<\/strong>\u00a0i dues entrades al parc tem\u00e0tic de Port Aventura. A m\u00e9s, ser\u00e0 formada i patrocinada per <strong><a href=\"http:\/\/www.cafesaula.com\/\">Caf\u00e9\u00a0Saula\u00a0<\/a><\/strong>per participar al campionat de Barcelona del\u00a0<strong>F\u00f2rum\u00a0del Caf\u00e8<\/strong>.<\/p>\n<p><strong><u>Segona classificada:<\/u><\/strong> <strong>Claudia Capella<\/strong>, qui ha rebut un <strong>premi de 750 euros<\/strong> i dues entrades al parc tem\u00e0tic de Port Aventura.<\/p>\n<p style=\"text-align: justify;\"><strong><u>Tercera classificada:<\/u><\/strong> <strong>Ana\u00a0Balseca<\/strong>, qui ha rebut un <strong>premi de 500 euros<\/strong> i dues entrades per al parc tem\u00e0tic de Port Aventura.<\/p>\n<p style=\"text-align: justify;\">A la final, que ha estat presentada per <strong>Rom\u00e1n\u00a0Forns<\/strong>, professor de la\u00a0ESHOB, ha participat un jurat compost per quatre membres: <strong>Llu\u00eds\u00a0Saula<\/strong>, jutge l\u00edder i director de Caf\u00e9\u00a0Saula; <strong>Joan\u00a0Saula<\/strong>, director de f\u00e0brica, <strong>I\u00f1aki\u00a0Gorostiaga<\/strong>, director de la\u00a0ESHOB; <strong>Carlos Gonz\u00e1lez\u00a0Antequera<\/strong>,\u00a0coffee\u00a0competence\u00a0manager\u00a0de\u00a0Rancilio\u00a0i <strong>Jos\u00e9 Mar\u00eda\u00a0Ascaso<\/strong>, responsable del servei t\u00e8cnic de Caf\u00e9\u00a0Saula. Ells han estat els responsables d&#8217;avaluar a cada participant en aquest campionat, que ha tingut diverses particularitats.<\/p>\n<p style=\"text-align: justify;\">Per comen\u00e7ar, els candidats havien de fer <strong>tres\u00a0espressos\u00a0<\/strong>i <strong>tres\u00a0capuccinos<\/strong>, aix\u00ed com realitzar el tast de tres\u00a0espressos\u00a0en els quals calia recon\u00e8ixer un\u00a0espresso\u00a0100%\u00a0ar\u00e1bica, un\u00a0<strong>espresso\u00a0100% robusta<\/strong> i un\u00a0<strong>blend\u00a0de 50%\u00a0ar\u00e1bica\u00a0i 50% robusta<\/strong>. Tots ells, per descomptat, servits a la <strong><a href=\"http:\/\/www.cafesaula.com\/taza-sommelier\/\">Tassa\u00a0Sommelier\u00a0<\/a><\/strong>de <strong><a href=\"http:\/\/www.cafesaula.com\/\">Caf\u00e9\u00a0Saula<\/a><\/strong>. Definitivament, una prova que requeria d&#8217;un alt coneixement de les qualitats del caf\u00e8.<\/p>\n<p style=\"text-align: justify;\">Des de <strong><a href=\"http:\/\/www.cafesaula.com\/\">Caf\u00e9\u00a0Saula\u00a0<\/a><\/strong>estem molt contents pel resultat del concurs, que tenia com a objectiu principal difondre la cultura del caf\u00e8 a trav\u00e9s de la formaci\u00f3 cont\u00ednua. La qualitat, tant humana com a t\u00e8cnica, dels participants ha estat excel\u00b7lent i ja tenim ganes de llan\u00e7ar el <strong>tercer concurs\u00a0barista\u00a0<\/strong>el proper any.<\/p>\n<p style=\"text-align: justify;\"><strong>Us anirem informant!<\/strong><\/p>\n<p><div id='gallery-2' class='gallery galleryid-1843 gallery-columns-3 gallery-size-full'><figure class='gallery-item'>\n\t\t\t<div class='gallery-icon landscape'>\n\t\t\t\t<a href='https:\/\/www.cafesaula.com\/blog\/ca\/maria-salom-claudia-capella-i-ana-balseca-guanyadores-del-ii-concurs-el-sommelier-del-cafe\/cafesaula6\/'><img loading=\"lazy\" decoding=\"async\" width=\"711\" height=\"533\" src=\"https:\/\/www.cafesaula.com\/blog\/wp-content\/uploads\/2018\/06\/cafesaula6.jpg\" class=\"attachment-full size-full\" alt=\"\" srcset=\"https:\/\/www.cafesaula.com\/blog\/wp-content\/uploads\/2018\/06\/cafesaula6.jpg 711w, https:\/\/www.cafesaula.com\/blog\/wp-content\/uploads\/2018\/06\/cafesaula6-240x180.jpg 240w, https:\/\/www.cafesaula.com\/blog\/wp-content\/uploads\/2018\/06\/cafesaula6-474x355.jpg 474w\" sizes=\"auto, (max-width: 711px) 100vw, 711px\" \/><\/a>\n\t\t\t<\/div><\/figure><figure class='gallery-item'>\n\t\t\t<div class='gallery-icon landscape'>\n\t\t\t\t<a href='https:\/\/www.cafesaula.com\/blog\/ca\/maria-salom-claudia-capella-i-ana-balseca-guanyadores-del-ii-concurs-el-sommelier-del-cafe\/cafesaula\/'><img loading=\"lazy\" decoding=\"async\" width=\"711\" height=\"400\" src=\"https:\/\/www.cafesaula.com\/blog\/wp-content\/uploads\/2018\/06\/cafesaula.jpg\" class=\"attachment-full size-full\" alt=\"\" srcset=\"https:\/\/www.cafesaula.com\/blog\/wp-content\/uploads\/2018\/06\/cafesaula.jpg 711w, https:\/\/www.cafesaula.com\/blog\/wp-content\/uploads\/2018\/06\/cafesaula-320x180.jpg 320w, https:\/\/www.cafesaula.com\/blog\/wp-content\/uploads\/2018\/06\/cafesaula-631x355.jpg 631w\" sizes=\"auto, (max-width: 711px) 100vw, 711px\" \/><\/a>\n\t\t\t<\/div><\/figure><figure class='gallery-item'>\n\t\t\t<div class='gallery-icon landscape'>\n\t\t\t\t<a href='https:\/\/www.cafesaula.com\/blog\/ca\/maria-salom-claudia-capella-i-ana-balseca-guanyadores-del-ii-concurs-el-sommelier-del-cafe\/cafesaula1\/'><img loading=\"lazy\" decoding=\"async\" width=\"711\" height=\"400\" src=\"https:\/\/www.cafesaula.com\/blog\/wp-content\/uploads\/2018\/06\/cafesaula1.jpg\" class=\"attachment-full size-full\" alt=\"\" srcset=\"https:\/\/www.cafesaula.com\/blog\/wp-content\/uploads\/2018\/06\/cafesaula1.jpg 711w, https:\/\/www.cafesaula.com\/blog\/wp-content\/uploads\/2018\/06\/cafesaula1-320x180.jpg 320w, https:\/\/www.cafesaula.com\/blog\/wp-content\/uploads\/2018\/06\/cafesaula1-631x355.jpg 631w\" sizes=\"auto, (max-width: 711px) 100vw, 711px\" \/><\/a>\n\t\t\t<\/div><\/figure><figure class='gallery-item'>\n\t\t\t<div class='gallery-icon landscape'>\n\t\t\t\t<a href='https:\/\/www.cafesaula.com\/blog\/ca\/maria-salom-claudia-capella-i-ana-balseca-guanyadores-del-ii-concurs-el-sommelier-del-cafe\/cafesaula2\/'><img loading=\"lazy\" decoding=\"async\" width=\"711\" height=\"400\" src=\"https:\/\/www.cafesaula.com\/blog\/wp-content\/uploads\/2018\/06\/cafesaula2.jpg\" class=\"attachment-full size-full\" alt=\"\" srcset=\"https:\/\/www.cafesaula.com\/blog\/wp-content\/uploads\/2018\/06\/cafesaula2.jpg 711w, https:\/\/www.cafesaula.com\/blog\/wp-content\/uploads\/2018\/06\/cafesaula2-320x180.jpg 320w, https:\/\/www.cafesaula.com\/blog\/wp-content\/uploads\/2018\/06\/cafesaula2-631x355.jpg 631w\" sizes=\"auto, (max-width: 711px) 100vw, 711px\" \/><\/a>\n\t\t\t<\/div><\/figure><figure class='gallery-item'>\n\t\t\t<div class='gallery-icon landscape'>\n\t\t\t\t<a href='https:\/\/www.cafesaula.com\/blog\/ca\/maria-salom-claudia-capella-i-ana-balseca-guanyadores-del-ii-concurs-el-sommelier-del-cafe\/cafesaula3\/'><img loading=\"lazy\" decoding=\"async\" width=\"711\" height=\"400\" src=\"https:\/\/www.cafesaula.com\/blog\/wp-content\/uploads\/2018\/06\/cafesaula3.jpg\" class=\"attachment-full size-full\" alt=\"\" srcset=\"https:\/\/www.cafesaula.com\/blog\/wp-content\/uploads\/2018\/06\/cafesaula3.jpg 711w, https:\/\/www.cafesaula.com\/blog\/wp-content\/uploads\/2018\/06\/cafesaula3-320x180.jpg 320w, https:\/\/www.cafesaula.com\/blog\/wp-content\/uploads\/2018\/06\/cafesaula3-631x355.jpg 631w\" sizes=\"auto, (max-width: 711px) 100vw, 711px\" \/><\/a>\n\t\t\t<\/div><\/figure><figure class='gallery-item'>\n\t\t\t<div class='gallery-icon landscape'>\n\t\t\t\t<a href='https:\/\/www.cafesaula.com\/blog\/ca\/maria-salom-claudia-capella-i-ana-balseca-guanyadores-del-ii-concurs-el-sommelier-del-cafe\/cafesaula4\/'><img loading=\"lazy\" decoding=\"async\" width=\"711\" height=\"400\" src=\"https:\/\/www.cafesaula.com\/blog\/wp-content\/uploads\/2018\/06\/cafesaula4.jpg\" class=\"attachment-full size-full\" alt=\"\" srcset=\"https:\/\/www.cafesaula.com\/blog\/wp-content\/uploads\/2018\/06\/cafesaula4.jpg 711w, https:\/\/www.cafesaula.com\/blog\/wp-content\/uploads\/2018\/06\/cafesaula4-320x180.jpg 320w, https:\/\/www.cafesaula.com\/blog\/wp-content\/uploads\/2018\/06\/cafesaula4-631x355.jpg 631w\" sizes=\"auto, (max-width: 711px) 100vw, 711px\" \/><\/a>\n\t\t\t<\/div><\/figure><figure class='gallery-item'>\n\t\t\t<div class='gallery-icon landscape'>\n\t\t\t\t<a href='https:\/\/www.cafesaula.com\/blog\/ca\/maria-salom-claudia-capella-i-ana-balseca-guanyadores-del-ii-concurs-el-sommelier-del-cafe\/cafesaula5\/'><img loading=\"lazy\" decoding=\"async\" width=\"711\" height=\"533\" src=\"https:\/\/www.cafesaula.com\/blog\/wp-content\/uploads\/2018\/06\/cafesaula5.jpg\" class=\"attachment-full size-full\" alt=\"\" srcset=\"https:\/\/www.cafesaula.com\/blog\/wp-content\/uploads\/2018\/06\/cafesaula5.jpg 711w, https:\/\/www.cafesaula.com\/blog\/wp-content\/uploads\/2018\/06\/cafesaula5-240x180.jpg 240w, https:\/\/www.cafesaula.com\/blog\/wp-content\/uploads\/2018\/06\/cafesaula5-474x355.jpg 474w\" sizes=\"auto, (max-width: 711px) 100vw, 711px\" \/><\/a>\n\t\t\t<\/div><\/figure>\n\t\t<\/div>\n<\/p>","protected":false},"excerpt":{"rendered":"<p>Aquest 5 de juny s&#8217;ha celebrat a les instal\u00b7lacions de l\u2019Escola\u00a0Superior d\u2019Hostaleria de Barcelona (ESHOB)\u00a0la gran final del II Concurs \u2018El\u00a0Sommelier\u00a0del Caf\u00e8\u2019, organitzat per Caf\u00e9\u00a0Saula. All\u00e0 han participat els sis finalistes, tots ells alumnes de l&#8217;escola, que ja havien demostrat un alt nivell a la semifinal. Despr\u00e9s d&#8217;un intens mat\u00ed de competici\u00f3, finalment les tres&#8230;<\/p>\n","protected":false},"author":2,"featured_media":1850,"comment_status":"closed","ping_status":"closed","sticky":false,"template":"","format":"gallery","meta":{"footnotes":""},"categories":[61,365,164,1],"tags":[197,35,50,852,639,189,414,190],"class_list":["post-1843","post","type-post","status-publish","format-gallery","has-post-thumbnail","hentry","category-esdeveniments","category-novetats","category-ritualers-2","category-sin-categoria","tag-barista","tag-cafe-2","tag-cafe-saula","tag-competicion","tag-concurso","tag-eshob","tag-hosteleria","tag-sommelier","post_format-post-format-gallery"],"_links":{"self":[{"href":"https:\/\/www.cafesaula.com\/blog\/ca\/wp-json\/wp\/v2\/posts\/1843","targetHints":{"allow":["GET"]}}],"collection":[{"href":"https:\/\/www.cafesaula.com\/blog\/ca\/wp-json\/wp\/v2\/posts"}],"about":[{"href":"https:\/\/www.cafesaula.com\/blog\/ca\/wp-json\/wp\/v2\/types\/post"}],"author":[{"embeddable":true,"href":"https:\/\/www.cafesaula.com\/blog\/ca\/wp-json\/wp\/v2\/users\/2"}],"replies":[{"embeddable":true,"href":"https:\/\/www.cafesaula.com\/blog\/ca\/wp-json\/wp\/v2\/comments?post=1843"}],"version-history":[{"count":2,"href":"https:\/\/www.cafesaula.com\/blog\/ca\/wp-json\/wp\/v2\/posts\/1843\/revisions"}],"predecessor-version":[{"id":1852,"href":"https:\/\/www.cafesaula.com\/blog\/ca\/wp-json\/wp\/v2\/posts\/1843\/revisions\/1852"}],"wp:featuredmedia":[{"embeddable":true,"href":"https:\/\/www.cafesaula.com\/blog\/ca\/wp-json\/wp\/v2\/media\/1850"}],"wp:attachment":[{"href":"https:\/\/www.cafesaula.com\/blog\/ca\/wp-json\/wp\/v2\/media?parent=1843"}],"wp:term":[{"taxonomy":"category","embeddable":true,"href":"https:\/\/www.cafesaula.com\/blog\/ca\/wp-json\/wp\/v2\/categories?post=1843"},{"taxonomy":"post_tag","embeddable":true,"href":"https:\/\/www.cafesaula.com\/blog\/ca\/wp-json\/wp\/v2\/tags?post=1843"}],"curies":[{"name":"wp","href":"https:\/\/api.w.org\/{rel}","templated":true}]}}