{"id":1886,"date":"2018-07-11T14:51:57","date_gmt":"2018-07-11T14:51:57","guid":{"rendered":"http:\/\/www.cafesaula.com\/blog\/?p=1886"},"modified":"2018-06-29T14:52:42","modified_gmt":"2018-06-29T14:52:42","slug":"apat-cuina-de-mercat-a-leixample-de-barcelona","status":"publish","type":"post","link":"https:\/\/www.cafesaula.com\/blog\/ca\/apat-cuina-de-mercat-a-leixample-de-barcelona\/","title":{"rendered":"\u00c0pat, cuina de mercat a l\u2019Eixample de Barcelona"},"content":{"rendered":"<p>Situat al n\u00famero 118 del carrer Bruc de Barcelona, el <strong><a href=\"http:\/\/apat-barcelona.com\/ca\/apat-cat\/\">restaurant \u00c0pat<\/a><\/strong> neix de les ganes i il\u00b7lusi\u00f3 d\u2019\u00d2scar Chamorro i amb l\u2019ajuda de la seva amiga i s\u00f2cia Sophie Njonje. Es tracta d\u2019un local on s\u2019aposta per la <strong>cuina de mercat<\/strong>, sigui en la seva carta de mitges racions com en el seu men\u00fa de migdia laboral. Uns plats fets amb <strong>ingredients frescos<\/strong> i de les millors proced\u00e8ncies servits en un ambient relaxat i modern. Els seus vins s\u00f3n escollits a consci\u00e8ncia i el caf\u00e8 tamb\u00e9 es t\u00e9 en molta consideraci\u00f3.<\/p>\n<p>De fet a <strong>\u00c0pat <\/strong>aposten pel <strong>Premium Dark India<\/strong> de <strong><a href=\"http:\/\/www.cafesaula.com\/\">Caf\u00e9 Saula<\/a><\/strong>, que \u00e9s degudament servit amb la innovadora <strong><a href=\"http:\/\/www.cafesaula.com\/taza-sommelier\/\">Tassa Sommelier<\/a><\/strong>. \u201cBusc\u00e0vem un caf\u00e8 de m\u00e0xima qualitat i que fos d\u2019una empresa de la terra\u201d, explica \u00d2scar Chamorro.<\/p>\n<p>Des de <strong><a href=\"http:\/\/www.cafesaula.com\/\">Caf\u00e9 Saula<\/a><\/strong> estem molt contents de poder formar part d\u2019aquest encantador punt de trobada entre amics i familiars que volen gaudir d\u2019un bon menjar i un bon caf\u00e8.<\/p>\n<p><div id='gallery-2' class='gallery galleryid-1886 gallery-columns-3 gallery-size-full'><figure class='gallery-item'>\n\t\t\t<div class='gallery-icon landscape'>\n\t\t\t\t<a href='https:\/\/www.cafesaula.com\/blog\/ca\/apat-cuina-de-mercat-a-leixample-de-barcelona\/apat1\/'><img loading=\"lazy\" decoding=\"async\" width=\"711\" height=\"533\" src=\"https:\/\/www.cafesaula.com\/blog\/wp-content\/uploads\/2018\/06\/apat1.jpg\" class=\"attachment-full size-full\" alt=\"\" srcset=\"https:\/\/www.cafesaula.com\/blog\/wp-content\/uploads\/2018\/06\/apat1.jpg 711w, https:\/\/www.cafesaula.com\/blog\/wp-content\/uploads\/2018\/06\/apat1-240x180.jpg 240w, https:\/\/www.cafesaula.com\/blog\/wp-content\/uploads\/2018\/06\/apat1-474x355.jpg 474w\" sizes=\"auto, (max-width: 711px) 100vw, 711px\" \/><\/a>\n\t\t\t<\/div><\/figure><figure class='gallery-item'>\n\t\t\t<div class='gallery-icon landscape'>\n\t\t\t\t<a href='https:\/\/www.cafesaula.com\/blog\/ca\/apat-cuina-de-mercat-a-leixample-de-barcelona\/apat2\/'><img loading=\"lazy\" decoding=\"async\" width=\"711\" height=\"533\" src=\"https:\/\/www.cafesaula.com\/blog\/wp-content\/uploads\/2018\/06\/apat2.jpg\" class=\"attachment-full size-full\" alt=\"\" srcset=\"https:\/\/www.cafesaula.com\/blog\/wp-content\/uploads\/2018\/06\/apat2.jpg 711w, https:\/\/www.cafesaula.com\/blog\/wp-content\/uploads\/2018\/06\/apat2-240x180.jpg 240w, https:\/\/www.cafesaula.com\/blog\/wp-content\/uploads\/2018\/06\/apat2-474x355.jpg 474w\" sizes=\"auto, (max-width: 711px) 100vw, 711px\" \/><\/a>\n\t\t\t<\/div><\/figure><figure class='gallery-item'>\n\t\t\t<div class='gallery-icon landscape'>\n\t\t\t\t<a href='https:\/\/www.cafesaula.com\/blog\/ca\/apat-cuina-de-mercat-a-leixample-de-barcelona\/apat3\/'><img loading=\"lazy\" decoding=\"async\" width=\"711\" height=\"533\" src=\"https:\/\/www.cafesaula.com\/blog\/wp-content\/uploads\/2018\/06\/apat3.jpg\" class=\"attachment-full size-full\" alt=\"\" srcset=\"https:\/\/www.cafesaula.com\/blog\/wp-content\/uploads\/2018\/06\/apat3.jpg 711w, https:\/\/www.cafesaula.com\/blog\/wp-content\/uploads\/2018\/06\/apat3-240x180.jpg 240w, https:\/\/www.cafesaula.com\/blog\/wp-content\/uploads\/2018\/06\/apat3-474x355.jpg 474w\" sizes=\"auto, (max-width: 711px) 100vw, 711px\" \/><\/a>\n\t\t\t<\/div><\/figure><figure class='gallery-item'>\n\t\t\t<div class='gallery-icon landscape'>\n\t\t\t\t<a href='https:\/\/www.cafesaula.com\/blog\/ca\/apat-cuina-de-mercat-a-leixample-de-barcelona\/apat4\/'><img loading=\"lazy\" decoding=\"async\" width=\"711\" height=\"533\" src=\"https:\/\/www.cafesaula.com\/blog\/wp-content\/uploads\/2018\/06\/apat4.jpg\" class=\"attachment-full size-full\" alt=\"\" srcset=\"https:\/\/www.cafesaula.com\/blog\/wp-content\/uploads\/2018\/06\/apat4.jpg 711w, https:\/\/www.cafesaula.com\/blog\/wp-content\/uploads\/2018\/06\/apat4-240x180.jpg 240w, https:\/\/www.cafesaula.com\/blog\/wp-content\/uploads\/2018\/06\/apat4-474x355.jpg 474w\" sizes=\"auto, (max-width: 711px) 100vw, 711px\" \/><\/a>\n\t\t\t<\/div><\/figure>\n\t\t<\/div>\n<\/p>","protected":false},"excerpt":{"rendered":"<p>Situat al n\u00famero 118 del carrer Bruc de Barcelona, el restaurant \u00c0pat neix de les ganes i il\u00b7lusi\u00f3 d\u2019\u00d2scar Chamorro i amb l\u2019ajuda de la seva amiga i s\u00f2cia Sophie Njonje. Es tracta d\u2019un local on s\u2019aposta per la cuina de mercat, sigui en la seva carta de mitges racions com en el seu men\u00fa&#8230;<\/p>\n","protected":false},"author":2,"featured_media":1890,"comment_status":"closed","ping_status":"closed","sticky":false,"template":"","format":"gallery","meta":{"footnotes":""},"categories":[93,164],"tags":[52,35,50,290,66,870],"class_list":["post-1886","post","type-post","status-publish","format-gallery","has-post-thumbnail","hentry","category-cafeterias","category-ritualers-2","tag-barcelona","tag-cafe-2","tag-cafe-saula","tag-dark-india","tag-premium","tag-restaurant-apat","post_format-post-format-gallery"],"_links":{"self":[{"href":"https:\/\/www.cafesaula.com\/blog\/ca\/wp-json\/wp\/v2\/posts\/1886","targetHints":{"allow":["GET"]}}],"collection":[{"href":"https:\/\/www.cafesaula.com\/blog\/ca\/wp-json\/wp\/v2\/posts"}],"about":[{"href":"https:\/\/www.cafesaula.com\/blog\/ca\/wp-json\/wp\/v2\/types\/post"}],"author":[{"embeddable":true,"href":"https:\/\/www.cafesaula.com\/blog\/ca\/wp-json\/wp\/v2\/users\/2"}],"replies":[{"embeddable":true,"href":"https:\/\/www.cafesaula.com\/blog\/ca\/wp-json\/wp\/v2\/comments?post=1886"}],"version-history":[{"count":1,"href":"https:\/\/www.cafesaula.com\/blog\/ca\/wp-json\/wp\/v2\/posts\/1886\/revisions"}],"predecessor-version":[{"id":1891,"href":"https:\/\/www.cafesaula.com\/blog\/ca\/wp-json\/wp\/v2\/posts\/1886\/revisions\/1891"}],"wp:featuredmedia":[{"embeddable":true,"href":"https:\/\/www.cafesaula.com\/blog\/ca\/wp-json\/wp\/v2\/media\/1890"}],"wp:attachment":[{"href":"https:\/\/www.cafesaula.com\/blog\/ca\/wp-json\/wp\/v2\/media?parent=1886"}],"wp:term":[{"taxonomy":"category","embeddable":true,"href":"https:\/\/www.cafesaula.com\/blog\/ca\/wp-json\/wp\/v2\/categories?post=1886"},{"taxonomy":"post_tag","embeddable":true,"href":"https:\/\/www.cafesaula.com\/blog\/ca\/wp-json\/wp\/v2\/tags?post=1886"}],"curies":[{"name":"wp","href":"https:\/\/api.w.org\/{rel}","templated":true}]}}