{"id":2040,"date":"2019-05-16T09:44:25","date_gmt":"2019-05-16T09:44:25","guid":{"rendered":"http:\/\/www.cafesaula.com\/blog\/?p=2040"},"modified":"2019-05-15T09:44:39","modified_gmt":"2019-05-15T09:44:39","slug":"per-que-ens-encanta-la-cafetera-italiana","status":"publish","type":"post","link":"https:\/\/www.cafesaula.com\/blog\/ca\/per-que-ens-encanta-la-cafetera-italiana\/","title":{"rendered":"Per qu\u00e8 ens encanta la cafetera italiana?"},"content":{"rendered":"<p>Qui no t\u00e9 el record de la meravellosa aroma de caf\u00e8 que inundava la casa als matins? Ara amb la popularitat de les <strong>m\u00e0quines de c\u00e0psules<\/strong> s&#8217;ha perdut una de les m\u00e0gies que proporcionava el caf\u00e8 a totes les llars. Un motiu m\u00e9s que suficient pel qual les <strong>cafeteres italianes<\/strong> ens encanten i creiem que no haurien de desapar\u00e8ixer de les nostres cuines.<\/p>\n<p>Per\u00f2 no nom\u00e9s per aix\u00f2 reivindiquem l&#8217;\u00fas de la cafetera italiana, tamb\u00e9 anomenada <strong>cafetera\u00a0moka<\/strong>. Un altre dels motius pels quals destaca \u00e9s per la seva senzillesa i gran facilitat d&#8217;\u00fas. B\u00e0sicament consta de dues parts diferenciades: la de baix, que \u00e9s on es posa l&#8217;aigua a bullir, i la de dalt, on hi ha el <strong>caf\u00e8 m\u00f2lt<\/strong>. En posar-la al foc, l&#8217;aigua puja fins a dalt, de manera que en pocs minuts acaba\u00a0infussionant\u00a0el caf\u00e8.<\/p>\n<p>Per si encara no fos suficient, la cafetera pot arribar <strong>fins a 1,5 bars de pressi\u00f3<\/strong> i \u00e9s molt econ\u00f2mica, vers\u00e0til i molt f\u00e0cil de netejar. A m\u00e9s, es pot fer m\u00e9s d&#8217;una tassa alhora, depenent de la grand\u00e0ria de la cafetera.<\/p>\n<p>I un \u00faltim detall, no menys important: un <strong><a href=\"http:\/\/www.cafesaula.com\/\">Caf\u00e9\u00a0Saula\u00a0<\/a><\/strong>preparat en una cafetera italiana ofereix un caf\u00e8 amb molt sabor, intensitat i cos.<\/p>\n<p><strong>I tu, t&#8217;animes a preparar el caf\u00e8 amb la cafetera italiana?<\/strong><\/p>","protected":false},"excerpt":{"rendered":"<p>Qui no t\u00e9 el record de la meravellosa aroma de caf\u00e8 que inundava la casa als matins? Ara amb la popularitat de les m\u00e0quines de c\u00e0psules s&#8217;ha perdut una de les m\u00e0gies que proporcionava el caf\u00e8 a totes les llars. Un motiu m\u00e9s que suficient pel qual les cafeteres italianes ens encanten i creiem que&#8230;<\/p>\n","protected":false},"author":2,"featured_media":2041,"comment_status":"closed","ping_status":"closed","sticky":false,"template":"","format":"standard","meta":{"footnotes":""},"categories":[58,2,164],"tags":[939,35,50,59,938,154],"class_list":["post-2040","post","type-post","status-publish","format-standard","has-post-thumbnail","hentry","category-consejos","category-cafe","category-ritualers-2","tag-aroma-de-cafe","tag-cafe-2","tag-cafe-saula","tag-cafetera-italiana","tag-cafetera-moka","tag-oroley"],"_links":{"self":[{"href":"https:\/\/www.cafesaula.com\/blog\/ca\/wp-json\/wp\/v2\/posts\/2040","targetHints":{"allow":["GET"]}}],"collection":[{"href":"https:\/\/www.cafesaula.com\/blog\/ca\/wp-json\/wp\/v2\/posts"}],"about":[{"href":"https:\/\/www.cafesaula.com\/blog\/ca\/wp-json\/wp\/v2\/types\/post"}],"author":[{"embeddable":true,"href":"https:\/\/www.cafesaula.com\/blog\/ca\/wp-json\/wp\/v2\/users\/2"}],"replies":[{"embeddable":true,"href":"https:\/\/www.cafesaula.com\/blog\/ca\/wp-json\/wp\/v2\/comments?post=2040"}],"version-history":[{"count":1,"href":"https:\/\/www.cafesaula.com\/blog\/ca\/wp-json\/wp\/v2\/posts\/2040\/revisions"}],"predecessor-version":[{"id":2042,"href":"https:\/\/www.cafesaula.com\/blog\/ca\/wp-json\/wp\/v2\/posts\/2040\/revisions\/2042"}],"wp:featuredmedia":[{"embeddable":true,"href":"https:\/\/www.cafesaula.com\/blog\/ca\/wp-json\/wp\/v2\/media\/2041"}],"wp:attachment":[{"href":"https:\/\/www.cafesaula.com\/blog\/ca\/wp-json\/wp\/v2\/media?parent=2040"}],"wp:term":[{"taxonomy":"category","embeddable":true,"href":"https:\/\/www.cafesaula.com\/blog\/ca\/wp-json\/wp\/v2\/categories?post=2040"},{"taxonomy":"post_tag","embeddable":true,"href":"https:\/\/www.cafesaula.com\/blog\/ca\/wp-json\/wp\/v2\/tags?post=2040"}],"curies":[{"name":"wp","href":"https:\/\/api.w.org\/{rel}","templated":true}]}}