{"id":2111,"date":"2019-09-27T07:59:01","date_gmt":"2019-09-27T07:59:01","guid":{"rendered":"https:\/\/www.cafesaula.com\/blog\/?p=2111"},"modified":"2019-09-27T07:59:01","modified_gmt":"2019-09-27T07:59:01","slug":"per-que-ens-agrada-tant-el-cafe-arabica","status":"publish","type":"post","link":"https:\/\/www.cafesaula.com\/blog\/ca\/per-que-ens-agrada-tant-el-cafe-arabica\/","title":{"rendered":"Per qu\u00e8 ens agrada tant el caf\u00e8 ar\u00e0bica?"},"content":{"rendered":"<p>No \u00e9s cap secret que el caf\u00e8\u00a0ar\u00e0bica\u00a0\u00e9s un dels m\u00e9s apreciats del m\u00f3n. De fet, a <strong>Caf\u00e9\u00a0Saula<\/strong>\u00a0sempre hem apostat pel caf\u00e8\u00a0ar\u00e0bica, perqu\u00e8 ens permet arribar al nivell\u00a0Premium\u00a0que sempre busquem en els nostres productes. Per\u00f2, per qu\u00e8 ens agrada tant el caf\u00e8\u00a0ar\u00e0bica?\u00a0Us donem tres senzilles explicacions (encara que n&#8217;hi ha moltes m\u00e9s!):<\/p>\n<p><strong>1. Un caf\u00e8 ric en aromes<\/strong><\/p>\n<p>El caf\u00e8\u00a0ar\u00e0bica\u00a0\u00e9s molt m\u00e9s complex que el robusta, considerat de pitjor qualitat. Per complexitat ens referim al fet que t\u00e9 una gran riquesa d&#8217;aromes i sabors, que despr\u00e9s despleguen totes les seves notes sensorials quan arriben a la tassa de caf\u00e8.<\/p>\n<p><strong>2. M\u00e9s refinat<\/strong><\/p>\n<p>El caf\u00e8\u00a0ar\u00e0bica\u00a0no nom\u00e9s compta amb uns sabors m\u00e9s rics i complexos, sin\u00f3 que tamb\u00e9 estan m\u00e9s refinats, segons els paladars m\u00e9s experts. Aquesta varietat produeix un caf\u00e8 m\u00e9s\u00a0flagrant, dol\u00e7, suau, amb notes fresques, fruiteres i florals. La seva acidesa \u00e9s agradable i equilibrada, mentre que els robustes produeixen caf\u00e8s m\u00e9s forts i amargs.<\/p>\n<p><strong>3. T\u00e9 menys cafe\u00efna<\/strong><\/p>\n<p>La varietat dels grans d\u2019ar\u00e0bica\u00a0t\u00e9 la meitat de cafe\u00efna que el robusta. I si els grans estan menys torrats i la infusi\u00f3 es fa amb una cafetera\u00a0espresso\u00a0superautom\u00e1tica, la cafe\u00efna\u00a0encara arriba a ser menor.<\/p>","protected":false},"excerpt":{"rendered":"<p>No \u00e9s cap secret que el caf\u00e8\u00a0ar\u00e0bica\u00a0\u00e9s un dels m\u00e9s apreciats del m\u00f3n. De fet, a Caf\u00e9\u00a0Saula\u00a0sempre hem apostat pel caf\u00e8\u00a0ar\u00e0bica, perqu\u00e8 ens permet arribar al nivell\u00a0Premium\u00a0que sempre busquem en els nostres productes. Per\u00f2, per qu\u00e8 ens agrada tant el caf\u00e8\u00a0ar\u00e0bica?\u00a0Us donem tres senzilles explicacions (encara que n&#8217;hi ha moltes m\u00e9s!): 1. Un caf\u00e8 ric&#8230;<\/p>\n","protected":false},"author":2,"featured_media":2112,"comment_status":"closed","ping_status":"closed","sticky":false,"template":"","format":"standard","meta":{"footnotes":""},"categories":[58,2,164],"tags":[55,509],"class_list":["post-2111","post","type-post","status-publish","format-standard","has-post-thumbnail","hentry","category-consejos","category-cafe","category-ritualers-2","tag-cafe-arabica","tag-robusta"],"_links":{"self":[{"href":"https:\/\/www.cafesaula.com\/blog\/ca\/wp-json\/wp\/v2\/posts\/2111","targetHints":{"allow":["GET"]}}],"collection":[{"href":"https:\/\/www.cafesaula.com\/blog\/ca\/wp-json\/wp\/v2\/posts"}],"about":[{"href":"https:\/\/www.cafesaula.com\/blog\/ca\/wp-json\/wp\/v2\/types\/post"}],"author":[{"embeddable":true,"href":"https:\/\/www.cafesaula.com\/blog\/ca\/wp-json\/wp\/v2\/users\/2"}],"replies":[{"embeddable":true,"href":"https:\/\/www.cafesaula.com\/blog\/ca\/wp-json\/wp\/v2\/comments?post=2111"}],"version-history":[{"count":4,"href":"https:\/\/www.cafesaula.com\/blog\/ca\/wp-json\/wp\/v2\/posts\/2111\/revisions"}],"predecessor-version":[{"id":2116,"href":"https:\/\/www.cafesaula.com\/blog\/ca\/wp-json\/wp\/v2\/posts\/2111\/revisions\/2116"}],"wp:featuredmedia":[{"embeddable":true,"href":"https:\/\/www.cafesaula.com\/blog\/ca\/wp-json\/wp\/v2\/media\/2112"}],"wp:attachment":[{"href":"https:\/\/www.cafesaula.com\/blog\/ca\/wp-json\/wp\/v2\/media?parent=2111"}],"wp:term":[{"taxonomy":"category","embeddable":true,"href":"https:\/\/www.cafesaula.com\/blog\/ca\/wp-json\/wp\/v2\/categories?post=2111"},{"taxonomy":"post_tag","embeddable":true,"href":"https:\/\/www.cafesaula.com\/blog\/ca\/wp-json\/wp\/v2\/tags?post=2111"}],"curies":[{"name":"wp","href":"https:\/\/api.w.org\/{rel}","templated":true}]}}