{"id":2184,"date":"2019-12-20T06:06:29","date_gmt":"2019-12-20T06:06:29","guid":{"rendered":"https:\/\/www.cafesaula.com\/blog\/?p=2184"},"modified":"2019-12-20T08:52:37","modified_gmt":"2019-12-20T08:52:37","slug":"un-any-ple-de-cafe-i-nous-projectes-2","status":"publish","type":"post","link":"https:\/\/www.cafesaula.com\/blog\/ca\/un-any-ple-de-cafe-i-nous-projectes-2\/","title":{"rendered":"Un any ple de caf\u00e8 i nous projectes"},"content":{"rendered":"<p>S\u00f3n moltes les coses que succeeixen al llarg de l&#8217;any, i encara m\u00e9s en una empresa com\u00a0<strong>Caf\u00e9\u00a0Saula<\/strong>, on mai parem de pensar en nous projectes i idees.<\/p>\n<p>Com cada final d&#8217;any, sempre ens agrada fer un breu rep\u00e0s de tot el que hem fet al llarg dels \u00faltims mesos. En aquesta ocasi\u00f3 comencem amb la gran novetat que vam llan\u00e7ar a principis d&#8217;aquest 2019: les <strong><a href=\"https:\/\/www.cafesaula.com\/blog\/cafe-saula-presenta-les-noves-capsules-dalumini-reciclable-compatibles-amb-maquines-nespresso\/\">c\u00e0psules de caf\u00e8 compatibles amb m\u00e0quines Nespresso<\/a><\/strong>. Concretament en les varietats de\u00a0<strong>Premium\u00a0Original,\u00a0Premium\u00a0Ecol\u00f2gic i\u00a0Premium\u00a0Descafe\u00efnat<\/strong>. Unes c\u00e0psules que conserven tota la seva aroma i sabor gr\u00e0cies al seu torrat especial lent i natural de 17 minuts i el seu env\u00e0s en atmosfera protectora.<\/p>\n<p>El mes de febrer passat <strong>Llu\u00eds\u00a0Saula<\/strong>, director de la companyia, tamb\u00e9 va dissenyar i va treure a la venda la <strong><a href=\"https:\/\/www.cafesaula.com\/blog\/cafe-saula-presenta-la-nova-tassa-sommelier-cappuccino\/\">Tassa\u00a0Sommelier\u00a0Cappuccino<\/a><\/strong>. Es tracta d&#8217;una tassa perfecta per a completar el joc de caf\u00e8 de la <strong>Tassa\u00a0Sommelier\u00a0<\/strong>i que est\u00e0 pensada per a degustar el Capuccino des d&#8217;una nova perspectiva.<\/p>\n<p>Precisament la <strong><a href=\"https:\/\/www.cafesaula.com\/taza-sommelier\/\">Tassa\u00a0Sommelier\u00a0<\/a><\/strong>tamb\u00e9 va estar present en una de les grans fires cafeteres del m\u00f3n: el\u00a0<strong><a href=\"https:\/\/www.cafesaula.com\/blog\/la-tassa-sommelier-present-en-el-london-coffee-festival\/\">London\u00a0Coffee\u00a0Festival<\/a><\/strong>. Un esdeveniment que va tenir lloc el mar\u00e7 passat i on la tassa va ser donada a con\u00e8ixer gr\u00e0cies a la firma\u00a0Rancilio.<\/p>\n<p>Va ser al maig quan Llu\u00eds\u00a0Saula\u00a0es va convertir en el <strong><a href=\"https:\/\/www.cafesaula.com\/blog\/lluis-saula-nou-president-del-gremi-del-cafe-torradors-de-catalunya\/\">nou president del\u00a0Gremi\u00a0del\u00a0Caf\u00e8,\u00a0Torradors\u00a0de Catalunya<\/a><\/strong>. Una decisi\u00f3 que es va prendre en Assemblea i que posa el director de Caf\u00e9\u00a0Saula\u00a0al capdavant del gremi durant els pr\u00f2xims dos anys, en substituci\u00f3 de Toni Riera de Caf\u00e8s\u00a0Tupinamba.<\/p>\n<p>Durant el mateix mes es va tornar a celebrar a les instal\u00b7lacions de <strong>l\u2019Escola\u00a0Superior d\u2019Hostaleria\u00a0de Barcelona (ESHOB)\u00a0<a href=\"https:\/\/www.cafesaula.com\/blog\/patricia-jabalera-raquel-fernandez-i-cristina-riera-guanyadores-de-liii-concurs-el-sommelier-del-cafe\/\">la gran final del III Concurs El\u00a0Sommelier\u00a0del Caf\u00e8<\/a><\/strong>, organitzat per Caf\u00e9\u00a0Saula. En aquesta ocasi\u00f3, les guanyadores van ser: <strong>Patr\u00edcia\u00a0Jabalera\u00a0<\/strong>(primera classificada), <strong>Raquel Fern\u00e1ndez<\/strong> (segona classificada) i <strong>Cristina Riera<\/strong> (tercera classificada).<\/p>\n<p>En les mateixes dates Caf\u00e9\u00a0Saula\u00a0es va estrenar a la <strong><a href=\"https:\/\/www.cafesaula.com\/blog\/cafe-saula-despunta-vendes-a-amazon-espanya\/\">plataforma\u00a0Amazon\u00a0Espa\u00f1a<\/a><\/strong> amb la venda de diferents\u00a0<strong>packs\u00a0de caf\u00e8\u00a0Premium\u00a0Org\u00e0nic i\u00a0Premium\u00a0Original<\/strong>, en les versions de m\u00f2lt i en gra i de 250\u00a0gr\u00a0i\u00a0500gr, aix\u00ed com amb\u00a0<strong>packs\u00a0de 60 c\u00e0psules d&#8217;alumini compatibles <\/strong>amb m\u00e0quines Nespresso en les seves varietats Original i Org\u00e0nic. Unes vendes que des de llavors no han fet m\u00e9s que cr\u00e9ixer.<\/p>\n<p>D&#8217;altra banda, aquest any Caf\u00e9\u00a0Saula\u00a0s&#8217;ha convertit en el <strong><a href=\"https:\/\/www.cafesaula.com\/blog\/cafe-saula-a-lhospitality-dels-circuits-de-gp-i-gt\/\">caf\u00e8 oficial de la zona\u00a0hospitality<\/a><\/strong>\u00a0de les grans cites del <strong>Campionat del m\u00f3n de motociclisme (GP) i el Campionat Mundial de Gran Turisme (GT)<\/strong>. El\u00a0hospitality\u00a0\u00e9s una luxosa estructura m\u00f2bil de 180 metres quadrats que est\u00e0 destinada a donar el millor servei a pilots, enginyers, periodistes i convidats durant els circuits.<\/p>\n<p>Amb tants canvis i aposta per noves idees, el passat 5 d&#8217;octubre Caf\u00e9\u00a0Saula\u00a0va viure una <strong><a href=\"https:\/\/www.cafesaula.com\/blog\/lequip-de-cafe-saula-es-reuneix-per-pensar-en-el-futur-de-lempresa\/\">jornada de reuni\u00f3 interna molt especial<\/a><\/strong>: Tot l&#8217;equip es va despla\u00e7ar fins al centre de convencions de\u00a0<strong>PortAventura\u00a0World\u00a0Parks\u00a0&amp;\u00a0Resort, on Caf\u00e8\u00a0Saula\u00a0\u00e9s el seu caf\u00e8 oficial<\/strong>, per a valorar el treball fet fins ara i veure cap a on es dirigeix l&#8217;empresa en els pr\u00f2xims anys.<\/p>\n<p>All\u00e0 Llu\u00eds\u00a0Saula\u00a0va aprofitar per a presentar el que a partir d&#8217;ara \u00e9s el director adjunt de l&#8217;empresa, <strong>Adam Giralt<\/strong>, que alhora va presentar el <strong>nou organigrama de la companyia<\/strong> i va remarcar que es produiran molts canvis i nous objectius durant els pr\u00f2xims 3 anys. Aquest mateix dia tamb\u00e9 es va realitzar una <strong><a href=\"https:\/\/www.cafesaula.com\/blog\/ferran-latorre-si-tenim-la-capacitat-de-posar-nos-metes-tot-es-possible\/\">confer\u00e8ncia a c\u00e0rrec de l&#8217;alpinista Ferran Latorre<\/a><\/strong>, que va parlar sobre la seva passi\u00f3 per la muntanya i la motivaci\u00f3 personal a l&#8217;hora de crear nous projectes.<\/p>\n<p>Finalment, a Caf\u00e9\u00a0Saula\u00a0tanquem l&#8217;any amb el millor esperit nadalenc: sent el caf\u00e8 oficial de la <strong><a href=\"https:\/\/www.cafesaula.com\/blog\/cafe-saula-esta-present-a-la-fira-nadalenca-del-port-vell-de-barcelona\/\">primera fira de nadal que s&#8217;organitza en El\u00a0Port\u00a0Vell\u00a0de Barcelona<\/a><\/strong>, dissenyada al m\u00e9s pur estil europeu.<\/p>\n<p>En definitiva, aquest ha estat un any molt intens i ple de novetats, per\u00f2 continuem plens d&#8217;energia i amb ganes d&#8217;iniciar nous projectes. Ara nom\u00e9s ens queda desitjar-vos unes <strong>BONES FESTES I UN FELI\u00c7 2020!!!<\/strong><\/p>","protected":false},"excerpt":{"rendered":"<p>S\u00f3n moltes les coses que succeeixen al llarg de l&#8217;any, i encara m\u00e9s en una empresa com\u00a0Caf\u00e9\u00a0Saula, on mai parem de pensar en nous projectes i idees. Com cada final d&#8217;any, sempre ens agrada fer un breu rep\u00e0s de tot el que hem fet al llarg dels \u00faltims mesos. En aquesta ocasi\u00f3 comencem amb la&#8230;<\/p>\n","protected":false},"author":2,"featured_media":2186,"comment_status":"closed","ping_status":"closed","sticky":false,"template":"","format":"standard","meta":{"footnotes":""},"categories":[61,49],"tags":[974,973,972],"class_list":["post-2184","post","type-post","status-publish","format-standard","has-post-thumbnail","hentry","category-esdeveniments","category-historia","tag-974","tag-resum-nadal","tag-resumen-navidad"],"_links":{"self":[{"href":"https:\/\/www.cafesaula.com\/blog\/ca\/wp-json\/wp\/v2\/posts\/2184","targetHints":{"allow":["GET"]}}],"collection":[{"href":"https:\/\/www.cafesaula.com\/blog\/ca\/wp-json\/wp\/v2\/posts"}],"about":[{"href":"https:\/\/www.cafesaula.com\/blog\/ca\/wp-json\/wp\/v2\/types\/post"}],"author":[{"embeddable":true,"href":"https:\/\/www.cafesaula.com\/blog\/ca\/wp-json\/wp\/v2\/users\/2"}],"replies":[{"embeddable":true,"href":"https:\/\/www.cafesaula.com\/blog\/ca\/wp-json\/wp\/v2\/comments?post=2184"}],"version-history":[{"count":4,"href":"https:\/\/www.cafesaula.com\/blog\/ca\/wp-json\/wp\/v2\/posts\/2184\/revisions"}],"predecessor-version":[{"id":2191,"href":"https:\/\/www.cafesaula.com\/blog\/ca\/wp-json\/wp\/v2\/posts\/2184\/revisions\/2191"}],"wp:featuredmedia":[{"embeddable":true,"href":"https:\/\/www.cafesaula.com\/blog\/ca\/wp-json\/wp\/v2\/media\/2186"}],"wp:attachment":[{"href":"https:\/\/www.cafesaula.com\/blog\/ca\/wp-json\/wp\/v2\/media?parent=2184"}],"wp:term":[{"taxonomy":"category","embeddable":true,"href":"https:\/\/www.cafesaula.com\/blog\/ca\/wp-json\/wp\/v2\/categories?post=2184"},{"taxonomy":"post_tag","embeddable":true,"href":"https:\/\/www.cafesaula.com\/blog\/ca\/wp-json\/wp\/v2\/tags?post=2184"}],"curies":[{"name":"wp","href":"https:\/\/api.w.org\/{rel}","templated":true}]}}