{"id":2288,"date":"2020-05-15T08:05:14","date_gmt":"2020-05-15T08:05:14","guid":{"rendered":"https:\/\/www.cafesaula.com\/blog\/?p=2288"},"modified":"2020-05-15T08:05:14","modified_gmt":"2020-05-15T08:05:14","slug":"descobreix-els-nostres-nous-gots-100-compostables-de-take-away","status":"publish","type":"post","link":"https:\/\/www.cafesaula.com\/blog\/ca\/descobreix-els-nostres-nous-gots-100-compostables-de-take-away\/","title":{"rendered":"Descobreix els nostres nous gots 100% compostables de take away"},"content":{"rendered":"<p>Davant la nova situaci\u00f3 en la qual ens trobem, en qu\u00e8 la majoria de locals i restaurants nom\u00e9s poden servir els seus productes per endur, a <strong>Caf\u00e9\u00a0Saula<\/strong>\u00a0no ens hem volgut quedar enrere i acabem de llan\u00e7ar una soluci\u00f3 per a la <strong>venda de caf\u00e8\u00a0Premium\u00a0per endur.<\/strong><\/p>\n<p>Es tracta dels nostres <strong>gots 100% compostables<\/strong>, ja que ara <strong>tant el got com la tapa s\u00f3n org\u00e0nics<\/strong>. Amb aquest nou repte de l&#8217;empresa s&#8217;ha volgut trobar <strong>una soluci\u00f3 m\u00e9s respectuosa que mai per al medi ambient<\/strong> i perqu\u00e8 et puguis endur el <strong>caf\u00e8 a casa<\/strong> amb total comoditat en format\u00a0<strong>Take\u00a0Away<\/strong>.<\/p>\n<p><strong>Esperem que us agradin!<\/strong><\/p>\n<p><img loading=\"lazy\" decoding=\"async\" class=\" wp-image-2292 aligncenter\" src=\"https:\/\/www.cafesaula.com\/blog\/wp-content\/uploads\/2020\/05\/ost-cat-253x355.png\" alt=\"ost cat\" width=\"268\" height=\"376\" srcset=\"https:\/\/www.cafesaula.com\/blog\/wp-content\/uploads\/2020\/05\/ost-cat-253x355.png 253w, https:\/\/www.cafesaula.com\/blog\/wp-content\/uploads\/2020\/05\/ost-cat-128x180.png 128w, https:\/\/www.cafesaula.com\/blog\/wp-content\/uploads\/2020\/05\/ost-cat.png 453w\" sizes=\"auto, (max-width: 268px) 100vw, 268px\" \/><\/p>\n<p>&nbsp;<\/p>","protected":false},"excerpt":{"rendered":"<p>Davant la nova situaci\u00f3 en la qual ens trobem, en qu\u00e8 la majoria de locals i restaurants nom\u00e9s poden servir els seus productes per endur, a Caf\u00e9\u00a0Saula\u00a0no ens hem volgut quedar enrere i acabem de llan\u00e7ar una soluci\u00f3 per a la venda de caf\u00e8\u00a0Premium\u00a0per endur. Es tracta dels nostres gots 100% compostables, ja que ara&#8230;<\/p>\n","protected":false},"author":2,"featured_media":2289,"comment_status":"closed","ping_status":"closed","sticky":false,"template":"","format":"standard","meta":{"footnotes":""},"categories":[365,164],"tags":[997,998],"class_list":["post-2288","post","type-post","status-publish","format-standard","has-post-thumbnail","hentry","category-novetats","category-ritualers-2","tag-take-away","tag-vasos-compostables"],"_links":{"self":[{"href":"https:\/\/www.cafesaula.com\/blog\/ca\/wp-json\/wp\/v2\/posts\/2288","targetHints":{"allow":["GET"]}}],"collection":[{"href":"https:\/\/www.cafesaula.com\/blog\/ca\/wp-json\/wp\/v2\/posts"}],"about":[{"href":"https:\/\/www.cafesaula.com\/blog\/ca\/wp-json\/wp\/v2\/types\/post"}],"author":[{"embeddable":true,"href":"https:\/\/www.cafesaula.com\/blog\/ca\/wp-json\/wp\/v2\/users\/2"}],"replies":[{"embeddable":true,"href":"https:\/\/www.cafesaula.com\/blog\/ca\/wp-json\/wp\/v2\/comments?post=2288"}],"version-history":[{"count":2,"href":"https:\/\/www.cafesaula.com\/blog\/ca\/wp-json\/wp\/v2\/posts\/2288\/revisions"}],"predecessor-version":[{"id":2293,"href":"https:\/\/www.cafesaula.com\/blog\/ca\/wp-json\/wp\/v2\/posts\/2288\/revisions\/2293"}],"wp:featuredmedia":[{"embeddable":true,"href":"https:\/\/www.cafesaula.com\/blog\/ca\/wp-json\/wp\/v2\/media\/2289"}],"wp:attachment":[{"href":"https:\/\/www.cafesaula.com\/blog\/ca\/wp-json\/wp\/v2\/media?parent=2288"}],"wp:term":[{"taxonomy":"category","embeddable":true,"href":"https:\/\/www.cafesaula.com\/blog\/ca\/wp-json\/wp\/v2\/categories?post=2288"},{"taxonomy":"post_tag","embeddable":true,"href":"https:\/\/www.cafesaula.com\/blog\/ca\/wp-json\/wp\/v2\/tags?post=2288"}],"curies":[{"name":"wp","href":"https:\/\/api.w.org\/{rel}","templated":true}]}}