{"id":2319,"date":"2020-07-10T09:03:10","date_gmt":"2020-07-10T09:03:10","guid":{"rendered":"https:\/\/www.cafesaula.com\/blog\/?p=2319"},"modified":"2020-07-10T09:03:10","modified_gmt":"2020-07-10T09:03:10","slug":"cafe-saula-estrena-el-seu-nou-laboratori-did","status":"publish","type":"post","link":"https:\/\/www.cafesaula.com\/blog\/ca\/cafe-saula-estrena-el-seu-nou-laboratori-did\/","title":{"rendered":"Caf\u00e9 Saula estrena el seu nou laboratori d&#8217;I+D"},"content":{"rendered":"<p>Molt m\u00e9s espai\u00f3s, modern i amb l&#8217;\u00faltima tecnologia. Aix\u00ed \u00e9s el <strong>nou laboratori que acaba d&#8217;inaugurar Caf\u00e9\u00a0Saula\u00a0<\/strong>en les seves instal\u00b7lacions. Des d&#8217;aquest espai es continuen controlant alguns dels <strong>processos de selecci\u00f3 de caf\u00e8<\/strong> m\u00e9s importants de l&#8217;empresa.<\/p>\n<p>El laboratori \u00e9s el lloc des d&#8217;on es fan els <strong>tastos de caf\u00e8<\/strong> amb tots els elements imprescindibles perqu\u00e8 es facin amb la m\u00e0xima professionalitat. \u00c9s a dir, amb la llum vermella, que impedeix deixar-se influenciar\u00a0per\u00a0el color del caf\u00e8 en el moment de fer el tast. Tamb\u00e9 es controla l&#8217;arribada del <strong>caf\u00e8 verd<\/strong>, analitzant petites mostres de 300\u00a0gr. de tots els sacs que arriben i es torren en dues m\u00e0quines especials per a fer un tast en la taula girat\u00f2ria.<\/p>\n<p>Des d&#8217;aquest laboratori tamb\u00e9 s&#8217;extreuen <strong>mostres del caf\u00e8 torrat<\/strong> per a comprovar que sempre queda en les mateixes condicions \u00f2ptimes, aix\u00ed com el control del gruix del m\u00f2lt del caf\u00e8 i de l&#8217;envasament. En aquest \u00faltim punt, es fan controls de les llaunes i c\u00e0psules per a comprovar que estiguin herm\u00e8ticament tancats, sense fissures.<\/p>\n<p>Altres m\u00e0quines especials que es poden trobar en aquest nou laboratori \u00e9s un\u00a0<strong>l\u00e0ser\u00a0que permet comprovar la granulometria del caf\u00e8<\/strong>, aix\u00ed com un <strong>forn de cultiu<\/strong> on es pot testar la resist\u00e8ncia dels envasos a la calor.<br \/>\n<strong><br \/>\nSeguim endavant!<\/strong><\/p>","protected":false},"excerpt":{"rendered":"<p>Molt m\u00e9s espai\u00f3s, modern i amb l&#8217;\u00faltima tecnologia. Aix\u00ed \u00e9s el nou laboratori que acaba d&#8217;inaugurar Caf\u00e9\u00a0Saula\u00a0en les seves instal\u00b7lacions. Des d&#8217;aquest espai es continuen controlant alguns dels processos de selecci\u00f3 de caf\u00e8 m\u00e9s importants de l&#8217;empresa. El laboratori \u00e9s el lloc des d&#8217;on es fan els tastos de caf\u00e8 amb tots els elements imprescindibles&#8230;<\/p>\n","protected":false},"author":2,"featured_media":2321,"comment_status":"closed","ping_status":"closed","sticky":false,"template":"","format":"standard","meta":{"footnotes":""},"categories":[2,61,365],"tags":[440],"class_list":["post-2319","post","type-post","status-publish","format-standard","has-post-thumbnail","hentry","category-cafe","category-esdeveniments","category-novetats","tag-laboratorio"],"_links":{"self":[{"href":"https:\/\/www.cafesaula.com\/blog\/ca\/wp-json\/wp\/v2\/posts\/2319","targetHints":{"allow":["GET"]}}],"collection":[{"href":"https:\/\/www.cafesaula.com\/blog\/ca\/wp-json\/wp\/v2\/posts"}],"about":[{"href":"https:\/\/www.cafesaula.com\/blog\/ca\/wp-json\/wp\/v2\/types\/post"}],"author":[{"embeddable":true,"href":"https:\/\/www.cafesaula.com\/blog\/ca\/wp-json\/wp\/v2\/users\/2"}],"replies":[{"embeddable":true,"href":"https:\/\/www.cafesaula.com\/blog\/ca\/wp-json\/wp\/v2\/comments?post=2319"}],"version-history":[{"count":1,"href":"https:\/\/www.cafesaula.com\/blog\/ca\/wp-json\/wp\/v2\/posts\/2319\/revisions"}],"predecessor-version":[{"id":2320,"href":"https:\/\/www.cafesaula.com\/blog\/ca\/wp-json\/wp\/v2\/posts\/2319\/revisions\/2320"}],"wp:featuredmedia":[{"embeddable":true,"href":"https:\/\/www.cafesaula.com\/blog\/ca\/wp-json\/wp\/v2\/media\/2321"}],"wp:attachment":[{"href":"https:\/\/www.cafesaula.com\/blog\/ca\/wp-json\/wp\/v2\/media?parent=2319"}],"wp:term":[{"taxonomy":"category","embeddable":true,"href":"https:\/\/www.cafesaula.com\/blog\/ca\/wp-json\/wp\/v2\/categories?post=2319"},{"taxonomy":"post_tag","embeddable":true,"href":"https:\/\/www.cafesaula.com\/blog\/ca\/wp-json\/wp\/v2\/tags?post=2319"}],"curies":[{"name":"wp","href":"https:\/\/api.w.org\/{rel}","templated":true}]}}