{"id":2322,"date":"2020-07-16T09:45:54","date_gmt":"2020-07-16T09:45:54","guid":{"rendered":"https:\/\/www.cafesaula.com\/blog\/?p=2322"},"modified":"2020-07-10T09:46:41","modified_gmt":"2020-07-10T09:46:41","slug":"recepta-per-a-fer-un-tonica-latte","status":"publish","type":"post","link":"https:\/\/www.cafesaula.com\/blog\/ca\/recepta-per-a-fer-un-tonica-latte\/","title":{"rendered":"Recepta per a fer un T\u00f2nica Latte"},"content":{"rendered":"<p>Tens ganes de sorprendre els teus convidats aquest estiu? Amb aquesta\u00a0<strong>recepta de T\u00f2nica\u00a0Latte<\/strong>\u00a0segur que no els deixar\u00e0s indiferents. Es tracta d&#8217;una\u00a0<strong>recepta molt refrescant i f\u00e0cil d&#8217;elaborar<\/strong>\u00a0i en la qual, per descomptat, \u00e9s b\u00e0sic que t&#8217;agradi el sabor de la t\u00f2nica.<\/p>\n<p><strong>Ingredients:<\/strong><br \/>\n&#8211; Caf\u00e8<br \/>\n&#8211; Llet<br \/>\n&#8211; T\u00f2nica<br \/>\n&#8211; Gel<br \/>\n<strong>Preparaci\u00f3:<\/strong><\/p>\n<p>&#8211; Posar gel i una base de t\u00f2nica<br \/>\n&#8211; Abocar el caf\u00e8 fred al damunt<br \/>\n&#8211; Emulsionar la llet freda\u00a0<a href=\"https:\/\/www.cafesaula.com\/blog\/com-fer-escuma-de-llet-sense-vaporitzador-a-casa\/\">(aqu\u00ed expliquem com fer-ho)<\/a><br \/>\n&#8211; Col\u00b7locar la crema per sobre del caf\u00e8<\/p>\n<p><strong>Esperem que t&#8217;agradi!<\/strong><\/p>\n<p><img loading=\"lazy\" decoding=\"async\" class=\"size-large wp-image-2323 aligncenter\" src=\"https:\/\/www.cafesaula.com\/blog\/wp-content\/uploads\/2020\/07\/tonica-latte-355x355.jpeg\" alt=\"tonica latte\" width=\"355\" height=\"355\" srcset=\"https:\/\/www.cafesaula.com\/blog\/wp-content\/uploads\/2020\/07\/tonica-latte-355x355.jpeg 355w, https:\/\/www.cafesaula.com\/blog\/wp-content\/uploads\/2020\/07\/tonica-latte-180x180.jpeg 180w, https:\/\/www.cafesaula.com\/blog\/wp-content\/uploads\/2020\/07\/tonica-latte-768x768.jpeg 768w, https:\/\/www.cafesaula.com\/blog\/wp-content\/uploads\/2020\/07\/tonica-latte.jpeg 1024w\" sizes=\"auto, (max-width: 355px) 100vw, 355px\" \/><\/p>","protected":false},"excerpt":{"rendered":"<p>Tens ganes de sorprendre els teus convidats aquest estiu? Amb aquesta\u00a0recepta de T\u00f2nica\u00a0Latte\u00a0segur que no els deixar\u00e0s indiferents. Es tracta d&#8217;una\u00a0recepta molt refrescant i f\u00e0cil d&#8217;elaborar\u00a0i en la qual, per descomptat, \u00e9s b\u00e0sic que t&#8217;agradi el sabor de la t\u00f2nica. Ingredients: &#8211; Caf\u00e8 &#8211; Llet &#8211; T\u00f2nica &#8211; Gel Preparaci\u00f3: &#8211; Posar gel i una&#8230;<\/p>\n","protected":false},"author":2,"featured_media":2325,"comment_status":"closed","ping_status":"closed","sticky":false,"template":"","format":"standard","meta":{"footnotes":""},"categories":[58,2,164],"tags":[1005],"class_list":["post-2322","post","type-post","status-publish","format-standard","has-post-thumbnail","hentry","category-consejos","category-cafe","category-ritualers-2","tag-tonica-latte"],"_links":{"self":[{"href":"https:\/\/www.cafesaula.com\/blog\/ca\/wp-json\/wp\/v2\/posts\/2322","targetHints":{"allow":["GET"]}}],"collection":[{"href":"https:\/\/www.cafesaula.com\/blog\/ca\/wp-json\/wp\/v2\/posts"}],"about":[{"href":"https:\/\/www.cafesaula.com\/blog\/ca\/wp-json\/wp\/v2\/types\/post"}],"author":[{"embeddable":true,"href":"https:\/\/www.cafesaula.com\/blog\/ca\/wp-json\/wp\/v2\/users\/2"}],"replies":[{"embeddable":true,"href":"https:\/\/www.cafesaula.com\/blog\/ca\/wp-json\/wp\/v2\/comments?post=2322"}],"version-history":[{"count":3,"href":"https:\/\/www.cafesaula.com\/blog\/ca\/wp-json\/wp\/v2\/posts\/2322\/revisions"}],"predecessor-version":[{"id":2327,"href":"https:\/\/www.cafesaula.com\/blog\/ca\/wp-json\/wp\/v2\/posts\/2322\/revisions\/2327"}],"wp:featuredmedia":[{"embeddable":true,"href":"https:\/\/www.cafesaula.com\/blog\/ca\/wp-json\/wp\/v2\/media\/2325"}],"wp:attachment":[{"href":"https:\/\/www.cafesaula.com\/blog\/ca\/wp-json\/wp\/v2\/media?parent=2322"}],"wp:term":[{"taxonomy":"category","embeddable":true,"href":"https:\/\/www.cafesaula.com\/blog\/ca\/wp-json\/wp\/v2\/categories?post=2322"},{"taxonomy":"post_tag","embeddable":true,"href":"https:\/\/www.cafesaula.com\/blog\/ca\/wp-json\/wp\/v2\/tags?post=2322"}],"curies":[{"name":"wp","href":"https:\/\/api.w.org\/{rel}","templated":true}]}}