{"id":2349,"date":"2020-09-18T08:11:23","date_gmt":"2020-09-18T08:11:23","guid":{"rendered":"https:\/\/www.cafesaula.com\/blog\/?p=2349"},"modified":"2020-09-18T08:11:23","modified_gmt":"2020-09-18T08:11:23","slug":"el-grup-pyrenees-andorra-ja-ven-cafe-saula-als-seus-establiments","status":"publish","type":"post","link":"https:\/\/www.cafesaula.com\/blog\/ca\/el-grup-pyrenees-andorra-ja-ven-cafe-saula-als-seus-establiments\/","title":{"rendered":"El Grup Pyr\u00e9n\u00e9es Andorra ja ven Caf\u00e9 Saula als seus establiments"},"content":{"rendered":"<p>Des de fa unes setmanes ja \u00e9s possible comprar els productes Premium de <strong><a href=\"https:\/\/www.cafesaula.com\/store\/ca\/\">Caf\u00e9 Saula<\/a><\/strong> als establiments d\u2019alimentaci\u00f3 del <strong><a href=\"https:\/\/www.pyrenees.ad\/\">Grup Pyr\u00e9n\u00e9es Andorra<\/a><\/strong>, com els <strong>Grans Magatzems Pyr\u00e9n\u00e9es<\/strong> o el centre comercial <strong><a href=\"https:\/\/www.andorra2000.com\/\">Andorra 2000<\/a><\/strong>. A m\u00e9s, tamb\u00e9 est\u00e0 present el <a href=\"https:\/\/www.cafesaula.com\/store\/ca\/cafe-en-gra\/7-gran-espresso-premium-ecologic\"><strong>Caf\u00e9 Saula Premium Org\u00e0nic<\/strong><\/a> a tots els restaurants i cafeteries del Grup.<\/p>\n<p>Es tracta d\u2019un pas molt important per a <strong>Caf\u00e9 Saula<\/strong>, perqu\u00e8 aquesta cadena, que existeix des de fa 70 anys, \u00e9s la primera marca comercial del Principat i desenvolupa una important activitat en el sector dels grans magatzems, hipermercats i la restauraci\u00f3 del pa\u00eds andorr\u00e0.<\/p>\n<p>Des de <strong>Caf\u00e9 Saula<\/strong> estem molt contents per aquesta nova col\u00b7laboraci\u00f3 i esperem que el nostre caf\u00e8 pugui arribar a moltes llars andorranes.<\/p>\n<p><strong>Seguim endavant!<\/strong><\/p>\n<p>&nbsp;<\/p>","protected":false},"excerpt":{"rendered":"<p>Des de fa unes setmanes ja \u00e9s possible comprar els productes Premium de Caf\u00e9 Saula als establiments d\u2019alimentaci\u00f3 del Grup Pyr\u00e9n\u00e9es Andorra, com els Grans Magatzems Pyr\u00e9n\u00e9es o el centre comercial Andorra 2000. A m\u00e9s, tamb\u00e9 est\u00e0 present el Caf\u00e9 Saula Premium Org\u00e0nic a tots els restaurants i cafeteries del Grup. Es tracta d\u2019un pas&#8230;<\/p>\n","protected":false},"author":2,"featured_media":2351,"comment_status":"closed","ping_status":"closed","sticky":false,"template":"","format":"standard","meta":{"footnotes":""},"categories":[365],"tags":[1009,1010,1008],"class_list":["post-2349","post","type-post","status-publish","format-standard","has-post-thumbnail","hentry","category-novetats","tag-andorra","tag-pyrenees","tag-pyrenees-andorra"],"_links":{"self":[{"href":"https:\/\/www.cafesaula.com\/blog\/ca\/wp-json\/wp\/v2\/posts\/2349","targetHints":{"allow":["GET"]}}],"collection":[{"href":"https:\/\/www.cafesaula.com\/blog\/ca\/wp-json\/wp\/v2\/posts"}],"about":[{"href":"https:\/\/www.cafesaula.com\/blog\/ca\/wp-json\/wp\/v2\/types\/post"}],"author":[{"embeddable":true,"href":"https:\/\/www.cafesaula.com\/blog\/ca\/wp-json\/wp\/v2\/users\/2"}],"replies":[{"embeddable":true,"href":"https:\/\/www.cafesaula.com\/blog\/ca\/wp-json\/wp\/v2\/comments?post=2349"}],"version-history":[{"count":5,"href":"https:\/\/www.cafesaula.com\/blog\/ca\/wp-json\/wp\/v2\/posts\/2349\/revisions"}],"predecessor-version":[{"id":2355,"href":"https:\/\/www.cafesaula.com\/blog\/ca\/wp-json\/wp\/v2\/posts\/2349\/revisions\/2355"}],"wp:featuredmedia":[{"embeddable":true,"href":"https:\/\/www.cafesaula.com\/blog\/ca\/wp-json\/wp\/v2\/media\/2351"}],"wp:attachment":[{"href":"https:\/\/www.cafesaula.com\/blog\/ca\/wp-json\/wp\/v2\/media?parent=2349"}],"wp:term":[{"taxonomy":"category","embeddable":true,"href":"https:\/\/www.cafesaula.com\/blog\/ca\/wp-json\/wp\/v2\/categories?post=2349"},{"taxonomy":"post_tag","embeddable":true,"href":"https:\/\/www.cafesaula.com\/blog\/ca\/wp-json\/wp\/v2\/tags?post=2349"}],"curies":[{"name":"wp","href":"https:\/\/api.w.org\/{rel}","templated":true}]}}