{"id":2426,"date":"2021-01-07T09:00:34","date_gmt":"2021-01-07T09:00:34","guid":{"rendered":"https:\/\/www.cafesaula.com\/blog\/?p=2426"},"modified":"2020-12-20T16:47:23","modified_gmt":"2020-12-20T16:47:23","slug":"fitdietbox-incorpora-a-cafe-saula-en-el-seu-pla-dalimentacio-nutricional","status":"publish","type":"post","link":"https:\/\/www.cafesaula.com\/blog\/ca\/fitdietbox-incorpora-a-cafe-saula-en-el-seu-pla-dalimentacio-nutricional\/","title":{"rendered":"FitDietBox incorpora a Caf\u00e9 Saula en el seu pla d&#8217;alimentaci\u00f3 nutricional"},"content":{"rendered":"<p>A <strong><a href=\"https:\/\/www.cafesaula.com\/store\/ca\/\">Caf\u00e9\u00a0Saula\u00a0<\/a><\/strong>hem arribat a un acord de col\u00b7laboraci\u00f3 amb\u00a0<strong><a href=\"https:\/\/www.fitdietbox.com\/blogs\/salud-y-fitness\/fitdietbox-incorpora-a-cafe-saula-en-su-plan-de-alimentacion-nutricional\">FitDietBox<\/a><\/strong>\u00a0per a la incorporaci\u00f3 del nostre caf\u00e8 com a acompanyament del seu <strong>pla d&#8217;alimentaci\u00f3 nutricional setmanal<\/strong>.<\/p>\n<p><strong>Adam Giralt<\/strong>, Director Comercial de Caf\u00e9\u00a0Saula\u00a0i <strong>Ricard Tello<\/strong>,\u00a0CEO\u00a0de\u00a0FitDietBox, han estat els principals responsables de fer realitat aquesta nova col\u00b7laboraci\u00f3, amb la qual s&#8217;esperen uns grans resultats. \u201cDes del primer moment ens vam adonar que <strong><a href=\"https:\/\/www.cafesaula.com\/store\/ca\/\">Caf\u00e9\u00a0Saula\u00a0<\/a><\/strong>t\u00e9 totes les caracter\u00edstiques necess\u00e0ries per als nostres clients. Un producte molt bo, de qualitat i amb propietats beneficioses per a l&#8217;organisme\u201d, opina Ricard Tello. A m\u00e9s, afegeix que \u201csense cap mena de dubte ser\u00e0 un dels complements estrella per al nostre menjar\u00a0fit\u00a0setmanal\u201d.<\/p>\n<p>A partir d&#8217;ara,\u00a0<strong><a href=\"https:\/\/www.fitdietbox.com\/blogs\/salud-y-fitness\/fitdietbox-incorpora-a-cafe-saula-en-su-plan-de-alimentacion-nutricional\">FitDietBox<\/a><\/strong>\u00a0oferir\u00e0 la possibilitat de triar entre dos tipus de varietats de <strong>Caf\u00e9\u00a0Saula\u00a0<\/strong>per a complementar el pla d&#8217;alimentaci\u00f3 nutricional a tots els seus clients: les <strong><a href=\"https:\/\/www.cafesaula.com\/store\/es\/inicio\/103-20-capsulas-compostables-de-cafe-organico\">c\u00e0psules\u00a0Premium\u00a0Organic\u00a0<\/a><\/strong>i les <strong><a href=\"https:\/\/www.cafesaula.com\/store\/ca\/inici\/118-capsulas-compostables-cafe-organico-descafeinado-compatibles-nespresso\">c\u00e0psules\u00a0Premium\u00a0Organic\u00a0Descafe\u00efnat<\/a><\/strong>.<\/p>\n<p>La <strong>cafe\u00efna<\/strong> \u00e9s un <strong>estimulant natural<\/strong> que, ingerida en <strong>quantitats recomanades per la\u00a0EFSA<\/strong>, aporta una millora de l&#8217;estat d&#8217;\u00e0nim i disminueix el risc de patir estats depressius.<\/p>\n<p><strong>Des de Caf\u00e9\u00a0Saula\u00a0estem molt contents per aquesta nova col\u00b7laboraci\u00f3!<\/strong><\/p>","protected":false},"excerpt":{"rendered":"<p>A Caf\u00e9\u00a0Saula\u00a0hem arribat a un acord de col\u00b7laboraci\u00f3 amb\u00a0FitDietBox\u00a0per a la incorporaci\u00f3 del nostre caf\u00e8 com a acompanyament del seu pla d&#8217;alimentaci\u00f3 nutricional setmanal. Adam Giralt, Director Comercial de Caf\u00e9\u00a0Saula\u00a0i Ricard Tello,\u00a0CEO\u00a0de\u00a0FitDietBox, han estat els principals responsables de fer realitat aquesta nova col\u00b7laboraci\u00f3, amb la qual s&#8217;esperen uns grans resultats. \u201cDes del primer moment ens&#8230;<\/p>\n","protected":false},"author":2,"featured_media":2428,"comment_status":"closed","ping_status":"closed","sticky":false,"template":"","format":"standard","meta":{"footnotes":""},"categories":[2,365],"tags":[1018,1019],"class_list":["post-2426","post","type-post","status-publish","format-standard","has-post-thumbnail","hentry","category-cafe","category-novetats","tag-fit-diet-box","tag-nutricion"],"_links":{"self":[{"href":"https:\/\/www.cafesaula.com\/blog\/ca\/wp-json\/wp\/v2\/posts\/2426","targetHints":{"allow":["GET"]}}],"collection":[{"href":"https:\/\/www.cafesaula.com\/blog\/ca\/wp-json\/wp\/v2\/posts"}],"about":[{"href":"https:\/\/www.cafesaula.com\/blog\/ca\/wp-json\/wp\/v2\/types\/post"}],"author":[{"embeddable":true,"href":"https:\/\/www.cafesaula.com\/blog\/ca\/wp-json\/wp\/v2\/users\/2"}],"replies":[{"embeddable":true,"href":"https:\/\/www.cafesaula.com\/blog\/ca\/wp-json\/wp\/v2\/comments?post=2426"}],"version-history":[{"count":3,"href":"https:\/\/www.cafesaula.com\/blog\/ca\/wp-json\/wp\/v2\/posts\/2426\/revisions"}],"predecessor-version":[{"id":2430,"href":"https:\/\/www.cafesaula.com\/blog\/ca\/wp-json\/wp\/v2\/posts\/2426\/revisions\/2430"}],"wp:featuredmedia":[{"embeddable":true,"href":"https:\/\/www.cafesaula.com\/blog\/ca\/wp-json\/wp\/v2\/media\/2428"}],"wp:attachment":[{"href":"https:\/\/www.cafesaula.com\/blog\/ca\/wp-json\/wp\/v2\/media?parent=2426"}],"wp:term":[{"taxonomy":"category","embeddable":true,"href":"https:\/\/www.cafesaula.com\/blog\/ca\/wp-json\/wp\/v2\/categories?post=2426"},{"taxonomy":"post_tag","embeddable":true,"href":"https:\/\/www.cafesaula.com\/blog\/ca\/wp-json\/wp\/v2\/tags?post=2426"}],"curies":[{"name":"wp","href":"https:\/\/api.w.org\/{rel}","templated":true}]}}