{"id":2526,"date":"2021-04-22T09:57:40","date_gmt":"2021-04-22T09:57:40","guid":{"rendered":"https:\/\/www.cafesaula.com\/blog\/?p=2526"},"modified":"2021-04-22T09:57:40","modified_gmt":"2021-04-22T09:57:40","slug":"dia-de-la-tierra-ideas-creativas-para-reutilizar-las-latas-de-aluminio","status":"publish","type":"post","link":"https:\/\/www.cafesaula.com\/blog\/ca\/dia-de-la-tierra-ideas-creativas-para-reutilizar-las-latas-de-aluminio\/","title":{"rendered":"Dia de la Terra: Idees creatives per a reutilitzar les llaunes d&#8217;alumini"},"content":{"rendered":"<p>A <a href=\"https:\/\/www.cafesaula.com\/store\/ca\/\"><strong>Caf\u00e8\u00a0Saula<\/strong><\/a>\u00a0tamb\u00e9 ens unim a la celebraci\u00f3 del <strong>Dia de la Terra<\/strong>, perqu\u00e8 ja fa temps que som conscients de la import\u00e0ncia de cuidar del <strong>medi ambient<\/strong> i del nostre planeta.<\/p>\n<p>Durant aquests \u00faltims anys hem apostat per oferir els nostres productes en <strong>envasos reciclables<\/strong> i el m\u00e9s org\u00e0nics possible. Prova d&#8217;aix\u00f2 s\u00f3n les nostres l<strong>launes i tapes met\u00e0l\u00b7liques<\/strong>, que poden anar al contenidor groc, aix\u00ed com les nostres <a href=\"https:\/\/www.cafesaula.com\/store\/ca\/cafe-en-capsules\/127-capsules-compostables-cafe-organic\"><strong>c\u00e0psules de caf\u00e8 completament compostables<\/strong><\/a>.<\/p>\n<p>Encara que s\u00f3n productes que es poden reciclar en els contenidors, s\u00f3n moltes les persones que ens pregunten <strong>com poden reutilitzar les nostres llaunes de caf\u00e8<\/strong> per a aprofitar el seu <strong>exclusiu disseny<\/strong>. Aix\u00ed que avui us donarem algunes idees, moltes de les quals ens les han ofert els nostres seguidors d&#8217;Instagram amb el hashtag <strong>#reutilizatulata<\/strong>:<\/p>\n<p><strong>Jardinera:<\/strong> Una de les idees m\u00e9s populars \u00e9s la d&#8217;utilitzar les llaunes de Caf\u00e8\u00a0Saula\u00a0com a jardinera o florer per a plantes. Sens dubte, \u00e9s una bona manera de donar un toc de color i originalitat als vostres balcons i terrasses.<\/p>\n<p><strong>Llums:<\/strong> Des de fer un llum gran d&#8217;interior fins a petites\u00a0lamparetes\u00a0per a la terrassa, utilitzar les llaunes de caf\u00e8 per a donar il\u00b7luminaci\u00f3 a la teva llar sempre sorprendr\u00e0 a tots els teus convidats. Fins i tot es pot emplenar amb cera i crear una espelma.<\/p>\n<p><img loading=\"lazy\" decoding=\"async\" class=\"size-large wp-image-2529 aligncenter\" src=\"https:\/\/www.cafesaula.com\/blog\/wp-content\/uploads\/2021\/04\/1-354x355.png\" alt=\"1\" width=\"354\" height=\"355\" srcset=\"https:\/\/www.cafesaula.com\/blog\/wp-content\/uploads\/2021\/04\/1-354x355.png 354w, https:\/\/www.cafesaula.com\/blog\/wp-content\/uploads\/2021\/04\/1-179x180.png 179w, https:\/\/www.cafesaula.com\/blog\/wp-content\/uploads\/2021\/04\/1.png 711w\" sizes=\"auto, (max-width: 354px) 100vw, 354px\" \/><\/p>\n<p><strong>Utensilis de cuina:<\/strong> Sigui per a guardar la pasta, els llegums, l&#8217;arr\u00f2s o les galetes, aix\u00ed com per a posar els coberts o els utensilis de cuina, les llaunes de caf\u00e8 sempre poden resultar \u00fatils i molt originals per a la teva cuina. Tamb\u00e9 es pot crear una prestatgeria per a vins!<\/p>\n<p><strong>Joguines dels nens:<\/strong> Hi ha qui guarda les petites joguines i tresors dels nens a les llaunes com una forma de magatzematge que ajuda a mantenir ordenada la seva habitaci\u00f3. Fins i tot es pot emplenar una llauna amb pedretes i utilitzar-la de sonall!<\/p>\n<p><img loading=\"lazy\" decoding=\"async\" class=\"size-large wp-image-2532 aligncenter\" src=\"https:\/\/www.cafesaula.com\/blog\/wp-content\/uploads\/2021\/04\/5c433005-cf8a-46ac-8bfa-894405e01a2c-329x355.jpg\" alt=\"5c433005-cf8a-46ac-8bfa-894405e01a2c\" width=\"329\" height=\"355\" srcset=\"https:\/\/www.cafesaula.com\/blog\/wp-content\/uploads\/2021\/04\/5c433005-cf8a-46ac-8bfa-894405e01a2c-329x355.jpg 329w, https:\/\/www.cafesaula.com\/blog\/wp-content\/uploads\/2021\/04\/5c433005-cf8a-46ac-8bfa-894405e01a2c-167x180.jpg 167w, https:\/\/www.cafesaula.com\/blog\/wp-content\/uploads\/2021\/04\/5c433005-cf8a-46ac-8bfa-894405e01a2c.jpg 711w\" sizes=\"auto, (max-width: 329px) 100vw, 329px\" \/><\/p>\n<p><strong>Despatx:<\/strong> Qu\u00e8 tal si guardes els teus llapis, bol\u00edgrafs, regles o fins i tot pinzells de pintura a la llauna de caf\u00e8?<\/p>\n<p><strong>Guardiola:<\/strong> Amb un petit tall en la part superior de la llauna es pot crear en un moment una guardiola on poder anar estalviant per al teu pr\u00f2xim viatge o somni a aconseguir.<\/p>\n<p><strong>Bricolatge:<\/strong> Caragols i tota mena d&#8217;eines de bricolatge es poden emmagatzemar en les llaunes de caf\u00e8. El l\u00edmit el poses el teu.<\/p>\n<p><img loading=\"lazy\" decoding=\"async\" class=\"size-large wp-image-2530 aligncenter\" src=\"https:\/\/www.cafesaula.com\/blog\/wp-content\/uploads\/2021\/04\/77341105-ff78-42a4-b227-61695ed4943f-421x355.jpg\" alt=\"77341105-ff78-42a4-b227-61695ed4943f\" width=\"421\" height=\"355\" srcset=\"https:\/\/www.cafesaula.com\/blog\/wp-content\/uploads\/2021\/04\/77341105-ff78-42a4-b227-61695ed4943f-421x355.jpg 421w, https:\/\/www.cafesaula.com\/blog\/wp-content\/uploads\/2021\/04\/77341105-ff78-42a4-b227-61695ed4943f-213x180.jpg 213w, https:\/\/www.cafesaula.com\/blog\/wp-content\/uploads\/2021\/04\/77341105-ff78-42a4-b227-61695ed4943f.jpg 711w\" sizes=\"auto, (max-width: 421px) 100vw, 421px\" \/><\/p>\n<p><strong>Per a regalar:<\/strong> De la mateixa forma que pots utilitzar les llaunes de Caf\u00e8\u00a0Saula\u00a0per a decorar i organitzar la teva llar, segur que amb elles pots fer molts regals originals per als teus amics i familiars. Tot \u00e9s q\u00fcesti\u00f3 d&#8217;imaginaci\u00f3!<\/p>\n<p><img loading=\"lazy\" decoding=\"async\" class=\"size-large wp-image-2531 aligncenter\" src=\"https:\/\/www.cafesaula.com\/blog\/wp-content\/uploads\/2021\/04\/eb3bd588-df47-4e5d-9380-5e692e4ed7b8-343x355.jpg\" alt=\"eb3bd588-df47-4e5d-9380-5e692e4ed7b8\" width=\"343\" height=\"355\" srcset=\"https:\/\/www.cafesaula.com\/blog\/wp-content\/uploads\/2021\/04\/eb3bd588-df47-4e5d-9380-5e692e4ed7b8-343x355.jpg 343w, https:\/\/www.cafesaula.com\/blog\/wp-content\/uploads\/2021\/04\/eb3bd588-df47-4e5d-9380-5e692e4ed7b8-174x180.jpg 174w, https:\/\/www.cafesaula.com\/blog\/wp-content\/uploads\/2021\/04\/eb3bd588-df47-4e5d-9380-5e692e4ed7b8.jpg 711w\" sizes=\"auto, (max-width: 343px) 100vw, 343px\" \/><\/p>","protected":false},"excerpt":{"rendered":"<p>A Caf\u00e8\u00a0Saula\u00a0tamb\u00e9 ens unim a la celebraci\u00f3 del Dia de la Terra, perqu\u00e8 ja fa temps que som conscients de la import\u00e0ncia de cuidar del medi ambient i del nostre planeta. Durant aquests \u00faltims anys hem apostat per oferir els nostres productes en envasos reciclables i el m\u00e9s org\u00e0nics possible. Prova d&#8217;aix\u00f2 s\u00f3n les nostres&#8230;<\/p>\n","protected":false},"author":2,"featured_media":2528,"comment_status":"closed","ping_status":"closed","sticky":false,"template":"","format":"standard","meta":{"footnotes":""},"categories":[164,1,1032],"tags":[584,580,583],"class_list":["post-2526","post","type-post","status-publish","format-standard","has-post-thumbnail","hentry","category-ritualers-2","category-sin-categoria","category-reutiliza-con-saula","tag-medio-ambiente","tag-reciclar","tag-reutilizar"],"_links":{"self":[{"href":"https:\/\/www.cafesaula.com\/blog\/ca\/wp-json\/wp\/v2\/posts\/2526","targetHints":{"allow":["GET"]}}],"collection":[{"href":"https:\/\/www.cafesaula.com\/blog\/ca\/wp-json\/wp\/v2\/posts"}],"about":[{"href":"https:\/\/www.cafesaula.com\/blog\/ca\/wp-json\/wp\/v2\/types\/post"}],"author":[{"embeddable":true,"href":"https:\/\/www.cafesaula.com\/blog\/ca\/wp-json\/wp\/v2\/users\/2"}],"replies":[{"embeddable":true,"href":"https:\/\/www.cafesaula.com\/blog\/ca\/wp-json\/wp\/v2\/comments?post=2526"}],"version-history":[{"count":3,"href":"https:\/\/www.cafesaula.com\/blog\/ca\/wp-json\/wp\/v2\/posts\/2526\/revisions"}],"predecessor-version":[{"id":2535,"href":"https:\/\/www.cafesaula.com\/blog\/ca\/wp-json\/wp\/v2\/posts\/2526\/revisions\/2535"}],"wp:featuredmedia":[{"embeddable":true,"href":"https:\/\/www.cafesaula.com\/blog\/ca\/wp-json\/wp\/v2\/media\/2528"}],"wp:attachment":[{"href":"https:\/\/www.cafesaula.com\/blog\/ca\/wp-json\/wp\/v2\/media?parent=2526"}],"wp:term":[{"taxonomy":"category","embeddable":true,"href":"https:\/\/www.cafesaula.com\/blog\/ca\/wp-json\/wp\/v2\/categories?post=2526"},{"taxonomy":"post_tag","embeddable":true,"href":"https:\/\/www.cafesaula.com\/blog\/ca\/wp-json\/wp\/v2\/tags?post=2526"}],"curies":[{"name":"wp","href":"https:\/\/api.w.org\/{rel}","templated":true}]}}