{"id":2591,"date":"2021-09-07T15:28:09","date_gmt":"2021-09-07T15:28:09","guid":{"rendered":"https:\/\/www.cafesaula.com\/blog\/?p=2591"},"modified":"2021-09-24T10:45:19","modified_gmt":"2021-09-24T10:45:19","slug":"cansado-y-sin-ganas-de-trabajar-la-cafeina-te-puede-ayudar","status":"publish","type":"post","link":"https:\/\/www.cafesaula.com\/blog\/ca\/cansado-y-sin-ganas-de-trabajar-la-cafeina-te-puede-ayudar\/","title":{"rendered":"Cansat i sense ganes de treballar? La cafe\u00efna et pot ajudar"},"content":{"rendered":"<p>Tornar a treballar despr\u00e9s d&#8217;un per\u00edode de vacances pot ser tot un repte per a moltes persones. El ritme del treball i la rutina del dia a dia tornen de nou i, per aix\u00f2, \u00e9s necessari disposar d&#8217;una bona dosi de motivaci\u00f3 i energia.<\/p>\n<p>Per sort, la naturalesa \u00e9s s\u00e0via i ens proporciona aliments naturals i saludables com el <strong>caf\u00e8<\/strong>, que t\u00e9 la <strong>cafe\u00efna<\/strong> com a principal compost actiu. Un element que aporta nombrosos beneficis, com prevenir la somnol\u00e8ncia, augmentar l&#8217;estat d&#8217;alerta i millorar el rendiment cognitiu, a m\u00e9s de tenir m\u00faltiples avantatges sobre la salut.<\/p>\n<p>El que potser molta gent no sap \u00e9s que la cafe\u00efna, que per cert, \u00e9s la que d\u00f3na el nom a la <strong>beguda del caf\u00e8<\/strong>, no aporta nova cafe\u00efna al cos, sin\u00f3 que evita que un se senti cansat i fatigat. \u00c9s a dir, ens d\u00f3na la il\u00b7lusi\u00f3 d&#8217;estar animats i en\u00e8rgics quan, en realitat, f\u00edsicament no ho estem.<\/p>\n<p>En comparaci\u00f3 amb la <strong>cafe\u00efna del te o de la xocolata<\/strong>, la cafe\u00efna del caf\u00e8 t\u00e9 la capacitat de ser molt mes r\u00e0pida a produir els efectes desitjats, energitzant el cos en una o dues hores despr\u00e9s d&#8217;ingerir-la. No obstant, tots els efectes varien segons les quantitats di\u00e0ries i la toler\u00e0ncia personal que es tingui cap a aquest component del caf\u00e8.<\/p>\n<p><strong><a href=\"https:\/\/www.cafesaula.com\/store\/ca\/\">Descobreix a la nostra botiga en l\u00ednia tota la nostra selecci\u00f3 de caf\u00e8 per a afrontar la tornada a la feina!<\/a><\/strong><\/p>","protected":false},"excerpt":{"rendered":"<p>Tornar a treballar despr\u00e9s d&#8217;un per\u00edode de vacances pot ser tot un repte per a moltes persones. El ritme del treball i la rutina del dia a dia tornen de nou i, per aix\u00f2, \u00e9s necessari disposar d&#8217;una bona dosi de motivaci\u00f3 i energia. Per sort, la naturalesa \u00e9s s\u00e0via i ens proporciona aliments naturals&#8230;<\/p>\n","protected":false},"author":2,"featured_media":2592,"comment_status":"closed","ping_status":"closed","sticky":false,"template":"","format":"standard","meta":{"footnotes":""},"categories":[58,2],"tags":[108],"class_list":["post-2591","post","type-post","status-publish","format-standard","has-post-thumbnail","hentry","category-consejos","category-cafe","tag-cafeina"],"_links":{"self":[{"href":"https:\/\/www.cafesaula.com\/blog\/ca\/wp-json\/wp\/v2\/posts\/2591","targetHints":{"allow":["GET"]}}],"collection":[{"href":"https:\/\/www.cafesaula.com\/blog\/ca\/wp-json\/wp\/v2\/posts"}],"about":[{"href":"https:\/\/www.cafesaula.com\/blog\/ca\/wp-json\/wp\/v2\/types\/post"}],"author":[{"embeddable":true,"href":"https:\/\/www.cafesaula.com\/blog\/ca\/wp-json\/wp\/v2\/users\/2"}],"replies":[{"embeddable":true,"href":"https:\/\/www.cafesaula.com\/blog\/ca\/wp-json\/wp\/v2\/comments?post=2591"}],"version-history":[{"count":4,"href":"https:\/\/www.cafesaula.com\/blog\/ca\/wp-json\/wp\/v2\/posts\/2591\/revisions"}],"predecessor-version":[{"id":2610,"href":"https:\/\/www.cafesaula.com\/blog\/ca\/wp-json\/wp\/v2\/posts\/2591\/revisions\/2610"}],"wp:featuredmedia":[{"embeddable":true,"href":"https:\/\/www.cafesaula.com\/blog\/ca\/wp-json\/wp\/v2\/media\/2592"}],"wp:attachment":[{"href":"https:\/\/www.cafesaula.com\/blog\/ca\/wp-json\/wp\/v2\/media?parent=2591"}],"wp:term":[{"taxonomy":"category","embeddable":true,"href":"https:\/\/www.cafesaula.com\/blog\/ca\/wp-json\/wp\/v2\/categories?post=2591"},{"taxonomy":"post_tag","embeddable":true,"href":"https:\/\/www.cafesaula.com\/blog\/ca\/wp-json\/wp\/v2\/tags?post=2591"}],"curies":[{"name":"wp","href":"https:\/\/api.w.org\/{rel}","templated":true}]}}