{"id":265,"date":"2014-11-21T08:06:03","date_gmt":"2014-11-21T08:06:03","guid":{"rendered":"http:\/\/www.cafesaula.com\/blog\/?p=265"},"modified":"2015-11-19T09:21:32","modified_gmt":"2015-11-19T09:21:32","slug":"els-millors-cafes-de-paris","status":"publish","type":"post","link":"https:\/\/www.cafesaula.com\/blog\/ca\/els-millors-cafes-de-paris\/","title":{"rendered":"Els millors caf\u00e8s de Paris"},"content":{"rendered":"<p>Qui no ha desitjat mai refugiar-se a les cafeteries centen\u00e0ries de Paris? S\u00f3n llocs emblem\u00e0tics, bressol de grans escriptors, artistes i intel\u00b7lectuals. Terrasses on poder deixar passar les hores mentre contemples l&#8217;encant dels carrers parisencs i els seus ecl\u00e8ctics personatges. Avui us descobrim algunes de les millors cafeteries parisenques on prendre un bon <strong>espresso<\/strong>.<\/p>\n<p><strong>CAF\u00c8 DE FLORE<\/strong><\/p>\n<p>Sens dubte, un dels caf\u00e8s m\u00e9s c\u00e8lebres de Par\u00eds. Situat en el n\u00famero 172 del Boulevard Saint-Germain, el centenari Caf\u00e8 de Flore ha estat el bressol del moviment existencialista i testimoni d&#8217;interminables converses entre artistes i intel\u00b7lectuals de totes les \u00e8poques. Alguns dels seus clients habituals van ser Jean-Paul Sartre, Simone de Beauvoir, Margherite Duras o Guillaume Apollinaire, entre altres. Tots ells van ser consumidors habituals del vi de Pouilly, la beguda estrella de la casa.<\/p>\n<p><strong>CAF\u00c8 DE LA PAIX<\/strong><\/p>\n<p>Situat en l&#8217;IX Districte de Par\u00eds, entre l&#8217;encreuament del Bulevard des Capuchines i la Pla\u00e7a de l&#8217;\u00d2pera, aquest reconegut caf\u00e8 data de 1862. Constru\u00eft per l&#8217;arquitecte Charles Rohaut de Fleury, tamb\u00e9 autor del Grand-H\u00f4tel de la Paix, va ser declarat monument hist\u00f2ric pel govern franc\u00e8s el 1975. Degut a la seva proximitat amb l&#8217;\u00d2pera de Par\u00eds, el Caf\u00e8 de la Paix va atreure a clients molt famosos, com \u00c9mile Zola, Guy de Maupassant, Jules Massenet o Piotr Ilich Chaikovski.<\/p>\n<p><strong>CAF\u00c8 LES DEUX MAGOTS<\/strong><\/p>\n<p>Des de la seva inauguraci\u00f3 el 1873, aquest caf\u00e8 va ser el punt de trobada de surrealistes i existencialistes com Picasso, Jean Giraudoux o Elsa Triolet. Avui dia, asseure&#8217;s a la seva terrassa i contemplar els voltants de la pla\u00e7a St-Germain-des-Pr\u00e9s, mentre et prens un caf\u00e8 amb pastes o una baguette de llard, \u00e9s un dels m\u00e0xims plaers a l&#8217;hora de viatjar a Par\u00eds. Per cert, el nom del local fa al\u00b7lusi\u00f3 a dues est\u00e0tues de fusta que es troben en el seu interior.<\/p>\n<p><strong>CAF\u00c8 ANG\u00c9LINA<\/strong><\/p>\n<p>Situat a la Rue de Rivoli 226, el Caf\u00e8 Ang\u00e9lina va ser inaugurat el 1903 per Antoine Rumpelmayer. Des de llavors, aquest establiment ha estat sin\u00f2nim de sofisticaci\u00f3 i eleg\u00e0ncia. A la seva \u00e8poca, tota l&#8217;aristocr\u00e0cia parisenca es donava cita en el seu sal\u00f3. El seu interior est\u00e0 dissenyat per l&#8217;arquitecte de la Belle Epoque Edouard-Jean Niermans, l&#8217;estil del qual t\u00e9 un refinament que ja va enlluernar a personatges com Coco Chanel o Marcel Proust.<\/p>\n<div id='gallery-2' class='gallery galleryid-265 gallery-columns-3 gallery-size-full'><figure class='gallery-item'>\n\t\t\t<div class='gallery-icon landscape'>\n\t\t\t\t<a href='https:\/\/www.cafesaula.com\/blog\/ca\/els-millors-cafes-de-paris\/cafe-de-flore\/'><img loading=\"lazy\" decoding=\"async\" width=\"700\" height=\"500\" src=\"https:\/\/www.cafesaula.com\/blog\/wp-content\/uploads\/2014\/11\/cafe-de-flore.jpg\" class=\"attachment-full size-full\" alt=\"\" aria-describedby=\"gallery-2-267\" srcset=\"https:\/\/www.cafesaula.com\/blog\/wp-content\/uploads\/2014\/11\/cafe-de-flore.jpg 700w, https:\/\/www.cafesaula.com\/blog\/wp-content\/uploads\/2014\/11\/cafe-de-flore-252x180.jpg 252w, https:\/\/www.cafesaula.com\/blog\/wp-content\/uploads\/2014\/11\/cafe-de-flore-497x355.jpg 497w\" sizes=\"auto, (max-width: 700px) 100vw, 700px\" \/><\/a>\n\t\t\t<\/div>\n\t\t\t\t<figcaption class='wp-caption-text gallery-caption' id='gallery-2-267'>\n\t\t\t\tCaf\u00e9 de Flore\n\t\t\t\t<\/figcaption><\/figure><figure class='gallery-item'>\n\t\t\t<div class='gallery-icon landscape'>\n\t\t\t\t<a href='https:\/\/www.cafesaula.com\/blog\/ca\/els-millors-cafes-de-paris\/cafe-de-la-paix\/'><img loading=\"lazy\" decoding=\"async\" width=\"700\" height=\"467\" src=\"https:\/\/www.cafesaula.com\/blog\/wp-content\/uploads\/2014\/11\/cafe-de-la-paix.jpg\" class=\"attachment-full size-full\" alt=\"\" aria-describedby=\"gallery-2-268\" srcset=\"https:\/\/www.cafesaula.com\/blog\/wp-content\/uploads\/2014\/11\/cafe-de-la-paix.jpg 700w, https:\/\/www.cafesaula.com\/blog\/wp-content\/uploads\/2014\/11\/cafe-de-la-paix-269x180.jpg 269w, https:\/\/www.cafesaula.com\/blog\/wp-content\/uploads\/2014\/11\/cafe-de-la-paix-532x355.jpg 532w\" sizes=\"auto, (max-width: 700px) 100vw, 700px\" \/><\/a>\n\t\t\t<\/div>\n\t\t\t\t<figcaption class='wp-caption-text gallery-caption' id='gallery-2-268'>\n\t\t\t\tCaf\u00e9 de la Paix\n\t\t\t\t<\/figcaption><\/figure><figure class='gallery-item'>\n\t\t\t<div class='gallery-icon landscape'>\n\t\t\t\t<a href='https:\/\/www.cafesaula.com\/blog\/ca\/els-millors-cafes-de-paris\/les-deux-magots\/'><img loading=\"lazy\" decoding=\"async\" width=\"700\" height=\"467\" src=\"https:\/\/www.cafesaula.com\/blog\/wp-content\/uploads\/2014\/11\/les-deux-magots.jpg\" class=\"attachment-full size-full\" alt=\"\" aria-describedby=\"gallery-2-270\" srcset=\"https:\/\/www.cafesaula.com\/blog\/wp-content\/uploads\/2014\/11\/les-deux-magots.jpg 700w, https:\/\/www.cafesaula.com\/blog\/wp-content\/uploads\/2014\/11\/les-deux-magots-269x180.jpg 269w, https:\/\/www.cafesaula.com\/blog\/wp-content\/uploads\/2014\/11\/les-deux-magots-532x355.jpg 532w\" sizes=\"auto, (max-width: 700px) 100vw, 700px\" \/><\/a>\n\t\t\t<\/div>\n\t\t\t\t<figcaption class='wp-caption-text gallery-caption' id='gallery-2-270'>\n\t\t\t\tCaf\u00e9 Les deux Magots\n\t\t\t\t<\/figcaption><\/figure><figure class='gallery-item'>\n\t\t\t<div class='gallery-icon landscape'>\n\t\t\t\t<a href='https:\/\/www.cafesaula.com\/blog\/ca\/els-millors-cafes-de-paris\/angelina\/'><img loading=\"lazy\" decoding=\"async\" width=\"700\" height=\"525\" src=\"https:\/\/www.cafesaula.com\/blog\/wp-content\/uploads\/2014\/11\/angelina.jpg\" class=\"attachment-full size-full\" alt=\"\" aria-describedby=\"gallery-2-274\" srcset=\"https:\/\/www.cafesaula.com\/blog\/wp-content\/uploads\/2014\/11\/angelina.jpg 700w, https:\/\/www.cafesaula.com\/blog\/wp-content\/uploads\/2014\/11\/angelina-240x180.jpg 240w, https:\/\/www.cafesaula.com\/blog\/wp-content\/uploads\/2014\/11\/angelina-473x355.jpg 473w\" sizes=\"auto, (max-width: 700px) 100vw, 700px\" \/><\/a>\n\t\t\t<\/div>\n\t\t\t\t<figcaption class='wp-caption-text gallery-caption' id='gallery-2-274'>\n\t\t\t\tCaf\u00e9 Ang\u00e9lina\n\t\t\t\t<\/figcaption><\/figure><figure class='gallery-item'>\n\t\t\t<div class='gallery-icon landscape'>\n\t\t\t\t<a href='https:\/\/www.cafesaula.com\/blog\/ca\/els-millors-cafes-de-paris\/leprocope\/'><img loading=\"lazy\" decoding=\"async\" width=\"700\" height=\"467\" src=\"https:\/\/www.cafesaula.com\/blog\/wp-content\/uploads\/2014\/11\/leprocope.jpg\" class=\"attachment-full size-full\" alt=\"\" aria-describedby=\"gallery-2-275\" srcset=\"https:\/\/www.cafesaula.com\/blog\/wp-content\/uploads\/2014\/11\/leprocope.jpg 700w, https:\/\/www.cafesaula.com\/blog\/wp-content\/uploads\/2014\/11\/leprocope-269x180.jpg 269w, https:\/\/www.cafesaula.com\/blog\/wp-content\/uploads\/2014\/11\/leprocope-532x355.jpg 532w\" sizes=\"auto, (max-width: 700px) 100vw, 700px\" \/><\/a>\n\t\t\t<\/div>\n\t\t\t\t<figcaption class='wp-caption-text gallery-caption' id='gallery-2-275'>\n\t\t\t\tCaf\u00e9 Le Procope\n\t\t\t\t<\/figcaption><\/figure>\n\t\t<\/div>\n\n<p><strong>CAF\u00c8 LE PROCOPE<\/strong><\/p>\n<p>Le Procope \u00e9s un dels caf\u00e8s-brasserie m\u00e9s antics i emblem\u00e0tics de la capital francesa. Situat a la rue de l\u2019Ancienne-Com\u00e9die 12, ha estat des de sempre un punt de trobada d&#8217;artistes i intel\u00b7lectuals, com Voltaire i Rousseau. De fet, es tracta del primer caf\u00e8 literari que es coneix. Explica la llegenda que entre les seves parets Diderot va concebre la seva Encyclop\u00e9die i Benjamin Franklin va redactar la Constituci\u00f3 dels Estats Units.<\/p>","protected":false},"excerpt":{"rendered":"<p>Qui no ha desitjat mai refugiar-se a les cafeteries centen\u00e0ries de Paris? S\u00f3n llocs emblem\u00e0tics, bressol de grans escriptors, artistes i intel\u00b7lectuals. Terrasses on poder deixar passar les hores mentre contemples l&#8217;encant dels carrers parisencs i els seus ecl\u00e8ctics personatges. Avui us descobrim algunes de les millors cafeteries parisenques on prendre un bon espresso. CAF\u00c8&#8230;<\/p>\n","protected":false},"author":2,"featured_media":275,"comment_status":"closed","ping_status":"closed","sticky":false,"template":"","format":"gallery","meta":{"footnotes":""},"categories":[93,49,164],"tags":[35,89,86,87,90,88,92,60,91],"class_list":["post-265","post","type-post","status-publish","format-gallery","has-post-thumbnail","hentry","category-cafeterias","category-historia","category-ritualers-2","tag-cafe-2","tag-cafe-angelina","tag-cafe-de-flore","tag-cafe-de-la-paix","tag-cafe-le-procope","tag-cafe-les-deux-magots","tag-cafeteria","tag-espresso","tag-paris","post_format-post-format-gallery"],"_links":{"self":[{"href":"https:\/\/www.cafesaula.com\/blog\/ca\/wp-json\/wp\/v2\/posts\/265","targetHints":{"allow":["GET"]}}],"collection":[{"href":"https:\/\/www.cafesaula.com\/blog\/ca\/wp-json\/wp\/v2\/posts"}],"about":[{"href":"https:\/\/www.cafesaula.com\/blog\/ca\/wp-json\/wp\/v2\/types\/post"}],"author":[{"embeddable":true,"href":"https:\/\/www.cafesaula.com\/blog\/ca\/wp-json\/wp\/v2\/users\/2"}],"replies":[{"embeddable":true,"href":"https:\/\/www.cafesaula.com\/blog\/ca\/wp-json\/wp\/v2\/comments?post=265"}],"version-history":[{"count":5,"href":"https:\/\/www.cafesaula.com\/blog\/ca\/wp-json\/wp\/v2\/posts\/265\/revisions"}],"predecessor-version":[{"id":280,"href":"https:\/\/www.cafesaula.com\/blog\/ca\/wp-json\/wp\/v2\/posts\/265\/revisions\/280"}],"wp:featuredmedia":[{"embeddable":true,"href":"https:\/\/www.cafesaula.com\/blog\/ca\/wp-json\/wp\/v2\/media\/275"}],"wp:attachment":[{"href":"https:\/\/www.cafesaula.com\/blog\/ca\/wp-json\/wp\/v2\/media?parent=265"}],"wp:term":[{"taxonomy":"category","embeddable":true,"href":"https:\/\/www.cafesaula.com\/blog\/ca\/wp-json\/wp\/v2\/categories?post=265"},{"taxonomy":"post_tag","embeddable":true,"href":"https:\/\/www.cafesaula.com\/blog\/ca\/wp-json\/wp\/v2\/tags?post=265"}],"curies":[{"name":"wp","href":"https:\/\/api.w.org\/{rel}","templated":true}]}}