{"id":2744,"date":"2022-03-03T11:10:44","date_gmt":"2022-03-03T11:10:44","guid":{"rendered":"https:\/\/www.cafesaula.com\/blog\/?p=2744"},"modified":"2022-03-03T13:00:11","modified_gmt":"2022-03-03T13:00:11","slug":"sabias-que-la-calidad-del-cafe-tambien-es-una-cuestion-de-genero","status":"publish","type":"post","link":"https:\/\/www.cafesaula.com\/blog\/ca\/sabias-que-la-calidad-del-cafe-tambien-es-una-cuestion-de-genero\/","title":{"rendered":"Sabies que la qualitat del caf\u00e8 tamb\u00e9 \u00e9s una q\u00fcesti\u00f3 de g\u00e8nere?"},"content":{"rendered":"<p><strong><\/strong><\/p>\n<p>Aquest mes en qu\u00e8 se celebra el <strong>Dia Internacional de la Dona Treballadora<\/strong> \u00e9s un bon moment per a recordar que, segons el Programa de les Nacions Unides per al Desenvolupament, les dones&nbsp;que treballen als cultius de caf\u00e8 constitueixen la majoria dels aproximadament 25 milions de productors de caf\u00e8 del m\u00f3n.<\/p>\n<p>Malgrat tot, aquesta activitat continua sent percebuda com una tasca masculina i, segons la FAO, les dones agricultores produeixen entre un 20 i un 30% menys que els homes. Aix\u00f2 no vol dir que elles treballin menys, sin\u00f3 que <strong>els homes tenen m\u00e9s acc\u00e9s a recursos que poques vegades estan disponibles per a les dones agricultores<\/strong>, com la propietat de la terra, el finan\u00e7ament o la tecnologia necess\u00e0ria.<\/p>\n<p>A m\u00e9s, s&#8217;ha observat <strong>que les dones no reben de manera equitativa els beneficis<\/strong> <strong>que els corresponen<\/strong> en mat\u00e8ria de formaci\u00f3, informaci\u00f3 i coneixement, per la qual cosa se les relega a un segon pla i se&#8217;ls resta el poder i la capacitat de prendre decisions sobre la seva vida i el seu treball.<\/p>\n<p>Sense anar m\u00e9s lluny, segons dades de la FAO, <strong>els diners que perceben les dones per la venda de productes com el caf\u00e8 es destinen a cobrir les necessitats de la seva llar<\/strong>, mentre que els homes utilitzen com a m\u00ednim el 25% dels seus ingressos a altres fins. Aix\u00f2 provoca que, en alguns pa\u00efsos, les dones venguin caf\u00e8 verd no madur d&#8217;amagat del seu marit per a poder disposar d&#8217;ingressos propis.<\/p>\n<p><strong>Des de Caf\u00e8&nbsp;Saula&nbsp;esperem que aviat es reverteixi aquesta situaci\u00f3 i agra\u00efm la gran tasca de totes les dones treballadores. Gr\u00e0cies!<\/strong><\/p>","protected":false},"excerpt":{"rendered":"<p>Aquest mes en qu\u00e8 se celebra el Dia Internacional de la Dona Treballadora \u00e9s un bon moment per a recordar que, segons el Programa de les Nacions Unides per al Desenvolupament, les dones&nbsp;que treballen als cultius de caf\u00e8 constitueixen la majoria dels aproximadament 25 milions de productors de caf\u00e8 del m\u00f3n. Malgrat tot, aquesta activitat&#8230;<\/p>\n","protected":false},"author":4,"featured_media":2746,"comment_status":"closed","ping_status":"closed","sticky":false,"template":"","format":"image","meta":{"footnotes":""},"categories":[2,49,1032],"tags":[1027],"class_list":["post-2744","post","type-post","status-publish","format-image","has-post-thumbnail","hentry","category-cafe","category-historia","category-reutiliza-con-saula","tag-dia-mujer","post_format-post-format-image"],"_links":{"self":[{"href":"https:\/\/www.cafesaula.com\/blog\/ca\/wp-json\/wp\/v2\/posts\/2744","targetHints":{"allow":["GET"]}}],"collection":[{"href":"https:\/\/www.cafesaula.com\/blog\/ca\/wp-json\/wp\/v2\/posts"}],"about":[{"href":"https:\/\/www.cafesaula.com\/blog\/ca\/wp-json\/wp\/v2\/types\/post"}],"author":[{"embeddable":true,"href":"https:\/\/www.cafesaula.com\/blog\/ca\/wp-json\/wp\/v2\/users\/4"}],"replies":[{"embeddable":true,"href":"https:\/\/www.cafesaula.com\/blog\/ca\/wp-json\/wp\/v2\/comments?post=2744"}],"version-history":[{"count":9,"href":"https:\/\/www.cafesaula.com\/blog\/ca\/wp-json\/wp\/v2\/posts\/2744\/revisions"}],"predecessor-version":[{"id":2765,"href":"https:\/\/www.cafesaula.com\/blog\/ca\/wp-json\/wp\/v2\/posts\/2744\/revisions\/2765"}],"wp:featuredmedia":[{"embeddable":true,"href":"https:\/\/www.cafesaula.com\/blog\/ca\/wp-json\/wp\/v2\/media\/2746"}],"wp:attachment":[{"href":"https:\/\/www.cafesaula.com\/blog\/ca\/wp-json\/wp\/v2\/media?parent=2744"}],"wp:term":[{"taxonomy":"category","embeddable":true,"href":"https:\/\/www.cafesaula.com\/blog\/ca\/wp-json\/wp\/v2\/categories?post=2744"},{"taxonomy":"post_tag","embeddable":true,"href":"https:\/\/www.cafesaula.com\/blog\/ca\/wp-json\/wp\/v2\/tags?post=2744"}],"curies":[{"name":"wp","href":"https:\/\/api.w.org\/{rel}","templated":true}]}}