{"id":2973,"date":"2023-11-22T10:06:48","date_gmt":"2023-11-22T10:06:48","guid":{"rendered":"https:\/\/www.cafesaula.com\/blog\/?p=2973"},"modified":"2023-11-22T10:06:48","modified_gmt":"2023-11-22T10:06:48","slug":"cafeterapia-cuando-el-cafe-llena-todos-los-sentidos","status":"publish","type":"post","link":"https:\/\/www.cafesaula.com\/blog\/ca\/cafeterapia-cuando-el-cafe-llena-todos-los-sentidos\/","title":{"rendered":"Cafeterapia, quan el caf\u00e8 omple tots els sentits"},"content":{"rendered":"<p>Qui anava a imaginar quan es va descobrir la <strong>planta del caf\u00e8<\/strong>, que els seus beneficis sobrepassarien la tassa i que els seus grans tamb\u00e9 serien utilitzats en tractaments de benestar corporal. Parlem de la <strong>\u201ccafeterapia\u201d<\/strong>, una t\u00e8cnica en la qual s&#8217;utilitza el caf\u00e8 per a fer tota classe de banys, ung\u00fcents i ess\u00e8ncies que ajuden a sanejar la pell, tonificar el cos i relaxar la ment.<\/p>\n<p>No \u00e9s estrany que molts spas arreu del m\u00f3n incloguin <strong>tractaments corporals fets amb extractes del caf\u00e8<\/strong>, sobretot per la seva capacitat d&#8217;eliminar l\u00edquids i toxines quan \u00e9s aplicat sobre el cos.<\/p>\n<p>Existeixen balnearis com el\u00a0<strong>Losari\u00a0Coffee\u00a0Plantation<\/strong>, a l&#8217;illa indon\u00e8sia de Java, que compten amb tractaments fets amb grans de caf\u00e8 recentment torrats. A m\u00e9s, el seu <strong>caf\u00e8 ar\u00e0bica<\/strong> \u00e9s conreat en la mateixa finca, que es troba en una antiga plantaci\u00f3 cafetera. Un dels seus tractaments estrella \u00e9s el <strong>\u2018lullur\u2019,<\/strong> un p\u00edling amb grans torrats i baies assecades al sol, que quan s\u00f3n molts s&#8217;apliquen sobre el cos per a tonificar la pell.<\/p>\n<p>En aquest indret el caf\u00e8 tamb\u00e9 \u00e9s utilitzat com a alternativa a les tradicionals sals de bany, aix\u00ed com tamb\u00e9 s&#8217;aprofita el seu poder energ\u00e8tic, arom\u00e0tic i estimulant com a oli de massatge corporal. Tot aix\u00f2, per descomptat, acompanyat sempre d&#8217;una bona <strong>tassa de caf\u00e8<\/strong>.<\/p>\n<p><strong>T&#8217;animes a provar-ho?<\/strong><\/p>","protected":false},"excerpt":{"rendered":"<p>Qui anava a imaginar quan es va descobrir la planta del caf\u00e8, que els seus beneficis sobrepassarien la tassa i que els seus grans tamb\u00e9 serien utilitzats en tractaments de benestar corporal. Parlem de la \u201ccafeterapia\u201d, una t\u00e8cnica en la qual s&#8217;utilitza el caf\u00e8 per a fer tota classe de banys, ung\u00fcents i ess\u00e8ncies que&#8230;<\/p>\n","protected":false},"author":2,"featured_media":2974,"comment_status":"closed","ping_status":"closed","sticky":false,"template":"","format":"image","meta":{"footnotes":""},"categories":[2,164],"tags":[1084],"class_list":["post-2973","post","type-post","status-publish","format-image","has-post-thumbnail","hentry","category-cafe","category-ritualers-2","tag-cafeterapia","post_format-post-format-image"],"_links":{"self":[{"href":"https:\/\/www.cafesaula.com\/blog\/ca\/wp-json\/wp\/v2\/posts\/2973","targetHints":{"allow":["GET"]}}],"collection":[{"href":"https:\/\/www.cafesaula.com\/blog\/ca\/wp-json\/wp\/v2\/posts"}],"about":[{"href":"https:\/\/www.cafesaula.com\/blog\/ca\/wp-json\/wp\/v2\/types\/post"}],"author":[{"embeddable":true,"href":"https:\/\/www.cafesaula.com\/blog\/ca\/wp-json\/wp\/v2\/users\/2"}],"replies":[{"embeddable":true,"href":"https:\/\/www.cafesaula.com\/blog\/ca\/wp-json\/wp\/v2\/comments?post=2973"}],"version-history":[{"count":1,"href":"https:\/\/www.cafesaula.com\/blog\/ca\/wp-json\/wp\/v2\/posts\/2973\/revisions"}],"predecessor-version":[{"id":2975,"href":"https:\/\/www.cafesaula.com\/blog\/ca\/wp-json\/wp\/v2\/posts\/2973\/revisions\/2975"}],"wp:featuredmedia":[{"embeddable":true,"href":"https:\/\/www.cafesaula.com\/blog\/ca\/wp-json\/wp\/v2\/media\/2974"}],"wp:attachment":[{"href":"https:\/\/www.cafesaula.com\/blog\/ca\/wp-json\/wp\/v2\/media?parent=2973"}],"wp:term":[{"taxonomy":"category","embeddable":true,"href":"https:\/\/www.cafesaula.com\/blog\/ca\/wp-json\/wp\/v2\/categories?post=2973"},{"taxonomy":"post_tag","embeddable":true,"href":"https:\/\/www.cafesaula.com\/blog\/ca\/wp-json\/wp\/v2\/tags?post=2973"}],"curies":[{"name":"wp","href":"https:\/\/api.w.org\/{rel}","templated":true}]}}