{"id":3017,"date":"2024-11-07T12:07:33","date_gmt":"2024-11-07T12:07:33","guid":{"rendered":"https:\/\/www.cafesaula.com\/blog\/?p=3017"},"modified":"2024-11-07T12:20:02","modified_gmt":"2024-11-07T12:20:02","slug":"pascual-se-expande-en-el-mercado-del-cafe-premium-con-la-adquisicion-de-cafe-saula","status":"publish","type":"post","link":"https:\/\/www.cafesaula.com\/blog\/ca\/pascual-se-expande-en-el-mercado-del-cafe-premium-con-la-adquisicion-de-cafe-saula\/","title":{"rendered":"Pascual s&#8217;expandeix en el mercat del caf\u00e8 premium amb l&#8217;adquisici\u00f3 de Caf\u00e9 Saula"},"content":{"rendered":"<p><\/p>\n<div class=\"flex-shrink-0 flex flex-col relative items-end\">\n<div>\n<div class=\"pt-0\">\n<div class=\"gizmo-bot-avatar flex h-8 w-8 items-center justify-center overflow-hidden rounded-full\">\n<div class=\"relative p-1 rounded-sm flex items-center justify-center bg-token-main-surface-primary text-token-text-primary h-8 w-8\"><strong><a href=\"https:\/\/www.calidadpascual.com\/\">Pascual<\/a><\/strong>, empresa l\u00edder en el sector agroalimentari, ha anunciat l&#8217;adquisici\u00f3 de <strong><a href=\"https:\/\/www.cafesaula.com\/ca\/index\">Caf\u00e9 Saula<\/a><\/strong>, la reconeguda companyia cafetera amb forta pres\u00e8ncia a Catalunya. Aquesta operaci\u00f3 suposa la incorporaci\u00f3 de la marca barcelonina, les instal\u00b7lacions industrials i els seus 50 empleats a l&#8217;estructura de Pascual, refor\u00e7ant l&#8217;aposta pel segment del caf\u00e8 per a hostaleria.<\/div>\n<\/div>\n<\/div>\n<\/div>\n<\/div>\n<div class=\"group\/conversation-turn relative flex w-full min-w-0 flex-col agent-turn\">\n<div class=\"flex-col gap-1 md:gap-3\">\n<div class=\"flex max-w-full flex-col flex-grow\">\n<div class=\"min-h-8 text-message flex w-full flex-col items-end gap-2 whitespace-normal break-words [.text-message+&amp;]:mt-5\" dir=\"auto\" data-message-author-role=\"assistant\" data-message-id=\"546ebabb-9577-41f1-bdd2-d4585ea52514\" data-message-model-slug=\"gpt-4o\">\n<div class=\"flex w-full flex-col gap-1 empty:hidden first:pt-[3px]\">\n<div class=\"markdown prose w-full break-words dark:prose-invert light\">\n<p>Caf\u00e9 Saula va ser fundada l&#8217;any 1950 al cor de Barcelona pel matrimoni Llu\u00eds Saula Pons i Mar\u00eda Teresa Puig. Avui, amb seu i planta de producci\u00f3 a Sant Feliu de Llobregat (Barcelona) i sota el lideratge de la segona generaci\u00f3 familiar,<strong> mant\u00e9 la seva fortalesa en el mercat catal\u00e0 i en el sector Horeca<\/strong> i \u00e9s reconeguda com <strong>una marca premium productora de caf\u00e8 d&#8217;alta qualitat<\/strong>.<\/p>\n<p>La compra s&#8217;emmarca en l&#8217;aposta de Pascual per incrementar la seva pres\u00e8ncia en el sector de l&#8217;hostaleria, ampliant la seva oferta de caf\u00e8 en mercats estrat\u00e8gics. Segons<strong> el director general de Negoci de Pascual, C\u00e9sar Vargas,<\/strong> \u201creforcem d&#8217;aquesta manera la nostra posici\u00f3 a Catalunya en incorporar una marca que enriquir\u00e0 significativament la nostra proposta en el segment Horeca\u201d. A m\u00e9s, continua Vargas, \u201cambdues empreses comparteixen un alt comprom\u00eds amb l&#8217;excel\u00b7l\u00e8ncia, per la qual cosa estem segurs que aquestes sinergies ens permetran continuar oferint productes de la m\u00e9s alta qualitat als nostres consumidors\u201d.<\/p>\n<p>Per la seva banda, <strong>Llu\u00eds Saula, director general de Caf\u00e9 Saula,<\/strong> ha manifestat la seva satisfacci\u00f3 sobre el futur de la marca sota el paraigua de Pascual, \u00abla uni\u00f3 amb Pascual \u00e9s una oportunitat incre\u00efble per enfortir la nostra pres\u00e8ncia al mercat i continuar creixent, sense perdre de vista els valors que sempre ens han caracteritzat: la qualitat, l&#8217;artesania i la passi\u00f3 pel caf\u00e8\u00bb. Tamb\u00e9 ha destacat la conflu\u00e8ncia de valors amb Pascual, \u201ccom el car\u00e0cter d&#8217;empresa familiar, la proximitat al client, l&#8217;esperit innovador i, sobretot, l&#8217;excel\u00b7l\u00e8ncia, pilars de la nostra companyia durant els gaireb\u00e9 75 anys\u201d.<\/p>\n<p>La integraci\u00f3 de Caf\u00e9 Saula a Pascual \u00e9s un pas estrat\u00e8gic que permetr\u00e0 a ambdues empreses unir les seves forces per oferir productes de caf\u00e8 d&#8217;alta qualitat i continuar innovant en el mercat. Pascual mantindr\u00e0 l&#8217;ess\u00e8ncia i la identitat de Caf\u00e9 Saula, a m\u00e9s de donar continu\u00eftat en aquesta nova etapa a l&#8217;equip gestor de l&#8217;empresa barcelonina. Caf\u00e9 Saula, juntament amb <strong>Mocay i Jurado<\/strong>, les altres marques cafeteres del grup, conservaran la seva autonomia operativa dins del grup empresarial.<\/p>\n<p><em>El text es una reproducci\u00f3 directa de la informaci\u00f3 proporcionada per Calidad Pascual i es presenta tal qual per preservar la precisi\u00f3 i fidelitat al contingut original.<\/em><\/p>\n<\/div>\n<\/div>\n<\/div>\n<\/div>\n<\/div>\n<\/div>\n<p><\/p>","protected":false},"excerpt":{"rendered":"<p>Pascual, empresa l\u00edder en el sector agroalimentari, ha anunciat l&#8217;adquisici\u00f3 de Caf\u00e9 Saula, la reconeguda companyia cafetera amb forta pres\u00e8ncia a Catalunya. Aquesta operaci\u00f3 suposa la incorporaci\u00f3 de la marca barcelonina, les instal\u00b7lacions industrials i els seus 50 empleats a l&#8217;estructura de Pascual, refor\u00e7ant l&#8217;aposta pel segment del caf\u00e8 per a hostaleria. Caf\u00e9 Saula va&#8230;<\/p>\n","protected":false},"author":4,"featured_media":3018,"comment_status":"closed","ping_status":"closed","sticky":false,"template":"","format":"image","meta":{"footnotes":""},"categories":[49,365],"tags":[50,1092,297,1091],"class_list":["post-3017","post","type-post","status-publish","format-image","has-post-thumbnail","hentry","category-historia","category-novetats","tag-cafe-saula","tag-dar-lo-mejor","tag-historia-2","tag-pascual","post_format-post-format-image"],"_links":{"self":[{"href":"https:\/\/www.cafesaula.com\/blog\/ca\/wp-json\/wp\/v2\/posts\/3017","targetHints":{"allow":["GET"]}}],"collection":[{"href":"https:\/\/www.cafesaula.com\/blog\/ca\/wp-json\/wp\/v2\/posts"}],"about":[{"href":"https:\/\/www.cafesaula.com\/blog\/ca\/wp-json\/wp\/v2\/types\/post"}],"author":[{"embeddable":true,"href":"https:\/\/www.cafesaula.com\/blog\/ca\/wp-json\/wp\/v2\/users\/4"}],"replies":[{"embeddable":true,"href":"https:\/\/www.cafesaula.com\/blog\/ca\/wp-json\/wp\/v2\/comments?post=3017"}],"version-history":[{"count":2,"href":"https:\/\/www.cafesaula.com\/blog\/ca\/wp-json\/wp\/v2\/posts\/3017\/revisions"}],"predecessor-version":[{"id":3020,"href":"https:\/\/www.cafesaula.com\/blog\/ca\/wp-json\/wp\/v2\/posts\/3017\/revisions\/3020"}],"wp:featuredmedia":[{"embeddable":true,"href":"https:\/\/www.cafesaula.com\/blog\/ca\/wp-json\/wp\/v2\/media\/3018"}],"wp:attachment":[{"href":"https:\/\/www.cafesaula.com\/blog\/ca\/wp-json\/wp\/v2\/media?parent=3017"}],"wp:term":[{"taxonomy":"category","embeddable":true,"href":"https:\/\/www.cafesaula.com\/blog\/ca\/wp-json\/wp\/v2\/categories?post=3017"},{"taxonomy":"post_tag","embeddable":true,"href":"https:\/\/www.cafesaula.com\/blog\/ca\/wp-json\/wp\/v2\/tags?post=3017"}],"curies":[{"name":"wp","href":"https:\/\/api.w.org\/{rel}","templated":true}]}}