{"id":463,"date":"2015-04-07T17:10:08","date_gmt":"2015-04-07T17:10:08","guid":{"rendered":"http:\/\/www.cafesaula.com\/blog\/?p=463"},"modified":"2015-11-19T09:16:18","modified_gmt":"2015-11-19T09:16:18","slug":"decafe-art-cafeter-en-estat-pur","status":"publish","type":"post","link":"https:\/\/www.cafesaula.com\/blog\/ca\/decafe-art-cafeter-en-estat-pur\/","title":{"rendered":"\u2018Decaf\u00e9\u2019, art cafeter en estat pur"},"content":{"rendered":"<p>Avui des de \u00a0<a href=\"http:\/\/www.cafesaula.com\/\" target=\"_blank\"><strong>Caf\u00e8 Saula<\/strong><\/a> us volem presentar a <a href=\"http:\/\/www.rlauri.com\/\" target=\"_blank\"><strong>Ra\u00fal Laur\u00ed<\/strong><\/a>, el creador de l&#8217;anomenat <a href=\"http:\/\/www.rlauri.com\/\" target=\"_blank\"><strong>\u2018Decaf\u00e9\u2019<\/strong><\/a>, un nou material realitzat a partir dels p\u00f2sits de <strong>caf\u00e8<\/strong> usats.<\/p>\n<p>Tot va comen\u00e7ar amb una reflexi\u00f3 que es van fer molts dissenyadors: per qu\u00e8 no aprofitar les deixalles quotidianes que s&#8217;acumulen en el dia a dia? <strong>Laur\u00ed<\/strong> va decidir decantar-se pel <a href=\"http:\/\/www.cafesaula.com\/\" target=\"_blank\"><strong>m\u00f3n del caf\u00e8<\/strong><\/a>, ja que, segons ell, \u201c\u00e9s un producte proper, conegut i consumit mundialment, tenint en compte que \u00e9s la segona mercaderia comercialitzada al m\u00f3n\u201d. A m\u00e9s, aquest dissenyador alacant\u00ed, es va inspirar en el <strong>caf\u00e8<\/strong> com un \u201cportador d&#8217;experi\u00e8ncies: di\u00e0riament succeeixen milers d&#8217;hist\u00f2ries al voltant d&#8217;una<a href=\"http:\/\/www.cafesaula.com\/\" target=\"_blank\"><strong> tassa de caf\u00e8<\/strong><\/a>\u201d. Llavors, per qu\u00e8 desfer-se d&#8217;un producte tan valu\u00f3s si es poden aprofitar els seus aspectes emocionals?<\/p>\n<p>Va ser aleshores quan <a href=\"http:\/\/www.rlauri.com\/\" target=\"_blank\"><strong>Ra\u00fal Laur\u00ed<\/strong> <\/a>va patentar la t\u00e8cnica del <a href=\"http:\/\/www.rlauri.com\/\" target=\"_blank\"><strong>\u2018Decaf\u00e9<\/strong><\/a>\u2019, amb la qual crea originals llums fets amb esborra de <strong>caf\u00e8<\/strong> premsada, bols i fins i tot penjolls. El material amb el qual treballa est\u00e0 realitzat despr\u00e9s d&#8217;un llarg proc\u00e9s d&#8217;experimentaci\u00f3, paci\u00e8ncia i entusiasme. Fins i tot s&#8217;han emprat algunes t\u00e8cniques culin\u00e0ries tradicionals per aconseguir-ho.<\/p>\n<p>El proc\u00e9s \u00e9s molt senzill: consisteix a aprofitar els <a href=\"http:\/\/www.cafesaula.com\/\" target=\"_blank\"><strong>p\u00f2sits de caf\u00e8<\/strong><\/a> que, en barrejar-los amb un aglutinant natural i sotmetre-ho a un proc\u00e9s de transformaci\u00f3 mitjan\u00e7ant pressi\u00f3 i temperatura, s&#8217;aconsegueix donar-li la consist\u00e8ncia suficient per aplicar-ho en multitud de productes. En l&#8217;actualitat el <strong><a href=\"http:\/\/www.rlauri.com\/\" target=\"_blank\">\u2018Decaf\u00e9<\/a>\u2019<\/strong> est\u00e0 patentat i la \u201crecepta\u201d \u00e9s tot un secret.<\/p>\n<p><div id='gallery-2' class='gallery galleryid-463 gallery-columns-3 gallery-size-full'><figure class='gallery-item'>\n\t\t\t<div class='gallery-icon landscape'>\n\t\t\t\t<a href='https:\/\/www.cafesaula.com\/blog\/ca\/recepta-de-pastis-de-xocolata-amb-cafe-saula\/4-4\/'><img loading=\"lazy\" decoding=\"async\" width=\"711\" height=\"359\" src=\"https:\/\/www.cafesaula.com\/blog\/wp-content\/uploads\/2015\/03\/4.jpg\" class=\"attachment-full size-full\" alt=\"\" srcset=\"https:\/\/www.cafesaula.com\/blog\/wp-content\/uploads\/2015\/03\/4.jpg 711w, https:\/\/www.cafesaula.com\/blog\/wp-content\/uploads\/2015\/03\/4-356x180.jpg 356w, https:\/\/www.cafesaula.com\/blog\/wp-content\/uploads\/2015\/03\/4-703x355.jpg 703w\" sizes=\"auto, (max-width: 711px) 100vw, 711px\" \/><\/a>\n\t\t\t<\/div><\/figure><figure class='gallery-item'>\n\t\t\t<div class='gallery-icon landscape'>\n\t\t\t\t<a href='https:\/\/www.cafesaula.com\/blog\/ca\/recepta-de-pastis-de-xocolata-amb-cafe-saula\/3-3\/'><img loading=\"lazy\" decoding=\"async\" width=\"711\" height=\"473\" src=\"https:\/\/www.cafesaula.com\/blog\/wp-content\/uploads\/2015\/03\/3.jpg\" class=\"attachment-full size-full\" alt=\"\" srcset=\"https:\/\/www.cafesaula.com\/blog\/wp-content\/uploads\/2015\/03\/3.jpg 711w, https:\/\/www.cafesaula.com\/blog\/wp-content\/uploads\/2015\/03\/3-270x180.jpg 270w, https:\/\/www.cafesaula.com\/blog\/wp-content\/uploads\/2015\/03\/3-533x355.jpg 533w\" sizes=\"auto, (max-width: 711px) 100vw, 711px\" \/><\/a>\n\t\t\t<\/div><\/figure><figure class='gallery-item'>\n\t\t\t<div class='gallery-icon landscape'>\n\t\t\t\t<a href='https:\/\/www.cafesaula.com\/blog\/ca\/recepta-de-pastis-de-xocolata-amb-cafe-saula\/2-6\/'><img loading=\"lazy\" decoding=\"async\" width=\"711\" height=\"475\" src=\"https:\/\/www.cafesaula.com\/blog\/wp-content\/uploads\/2015\/03\/2.jpg\" class=\"attachment-full size-full\" alt=\"\" srcset=\"https:\/\/www.cafesaula.com\/blog\/wp-content\/uploads\/2015\/03\/2.jpg 711w, https:\/\/www.cafesaula.com\/blog\/wp-content\/uploads\/2015\/03\/2-269x180.jpg 269w, https:\/\/www.cafesaula.com\/blog\/wp-content\/uploads\/2015\/03\/2-531x355.jpg 531w\" sizes=\"auto, (max-width: 711px) 100vw, 711px\" \/><\/a>\n\t\t\t<\/div><\/figure><figure class='gallery-item'>\n\t\t\t<div class='gallery-icon landscape'>\n\t\t\t\t<a href='https:\/\/www.cafesaula.com\/blog\/ca\/recepta-de-pastis-de-xocolata-amb-cafe-saula\/1-5\/'><img loading=\"lazy\" decoding=\"async\" width=\"711\" height=\"451\" src=\"https:\/\/www.cafesaula.com\/blog\/wp-content\/uploads\/2015\/03\/1.jpg\" class=\"attachment-full size-full\" alt=\"\" srcset=\"https:\/\/www.cafesaula.com\/blog\/wp-content\/uploads\/2015\/03\/1.jpg 711w, https:\/\/www.cafesaula.com\/blog\/wp-content\/uploads\/2015\/03\/1-283x180.jpg 283w, https:\/\/www.cafesaula.com\/blog\/wp-content\/uploads\/2015\/03\/1-559x355.jpg 559w\" sizes=\"auto, (max-width: 711px) 100vw, 711px\" \/><\/a>\n\t\t\t<\/div><\/figure>\n\t\t<\/div>\n<\/p>","protected":false},"excerpt":{"rendered":"<p>Avui des de \u00a0Caf\u00e8 Saula us volem presentar a Ra\u00fal Laur\u00ed, el creador de l&#8217;anomenat \u2018Decaf\u00e9\u2019, un nou material realitzat a partir dels p\u00f2sits de caf\u00e8 usats. Tot va comen\u00e7ar amb una reflexi\u00f3 que es van fer molts dissenyadors: per qu\u00e8 no aprofitar les deixalles quotidianes que s&#8217;acumulen en el dia a dia? Laur\u00ed va&#8230;<\/p>\n","protected":false},"author":2,"featured_media":455,"comment_status":"closed","ping_status":"closed","sticky":false,"template":"","format":"gallery","meta":{"footnotes":""},"categories":[2,49,164],"tags":[181,183,182],"class_list":["post-463","post","type-post","status-publish","format-gallery","has-post-thumbnail","hentry","category-cafe","category-historia","category-ritualers-2","tag-decafe","tag-diseno","tag-raul-lauri","post_format-post-format-gallery"],"_links":{"self":[{"href":"https:\/\/www.cafesaula.com\/blog\/ca\/wp-json\/wp\/v2\/posts\/463","targetHints":{"allow":["GET"]}}],"collection":[{"href":"https:\/\/www.cafesaula.com\/blog\/ca\/wp-json\/wp\/v2\/posts"}],"about":[{"href":"https:\/\/www.cafesaula.com\/blog\/ca\/wp-json\/wp\/v2\/types\/post"}],"author":[{"embeddable":true,"href":"https:\/\/www.cafesaula.com\/blog\/ca\/wp-json\/wp\/v2\/users\/2"}],"replies":[{"embeddable":true,"href":"https:\/\/www.cafesaula.com\/blog\/ca\/wp-json\/wp\/v2\/comments?post=463"}],"version-history":[{"count":7,"href":"https:\/\/www.cafesaula.com\/blog\/ca\/wp-json\/wp\/v2\/posts\/463\/revisions"}],"predecessor-version":[{"id":469,"href":"https:\/\/www.cafesaula.com\/blog\/ca\/wp-json\/wp\/v2\/posts\/463\/revisions\/469"}],"wp:featuredmedia":[{"embeddable":true,"href":"https:\/\/www.cafesaula.com\/blog\/ca\/wp-json\/wp\/v2\/media\/455"}],"wp:attachment":[{"href":"https:\/\/www.cafesaula.com\/blog\/ca\/wp-json\/wp\/v2\/media?parent=463"}],"wp:term":[{"taxonomy":"category","embeddable":true,"href":"https:\/\/www.cafesaula.com\/blog\/ca\/wp-json\/wp\/v2\/categories?post=463"},{"taxonomy":"post_tag","embeddable":true,"href":"https:\/\/www.cafesaula.com\/blog\/ca\/wp-json\/wp\/v2\/tags?post=463"}],"curies":[{"name":"wp","href":"https:\/\/api.w.org\/{rel}","templated":true}]}}