{"id":587,"date":"2015-09-01T16:53:30","date_gmt":"2015-09-01T16:53:30","guid":{"rendered":"http:\/\/www.cafesaula.com\/blog\/?p=587"},"modified":"2015-11-19T09:14:18","modified_gmt":"2015-11-19T09:14:18","slug":"cafe-per-prevenir-la-sindrome-post-vacances","status":"publish","type":"post","link":"https:\/\/www.cafesaula.com\/blog\/ca\/cafe-per-prevenir-la-sindrome-post-vacances\/","title":{"rendered":"Caf\u00e8 per prevenir la s\u00edndrome post vacances"},"content":{"rendered":"<p>Creus que la <strong>tornada a la feina<\/strong> est\u00e0 sent m\u00e9s dura del normal? No et preocupis, perqu\u00e8 tenim una soluci\u00f3 per a tu. I \u00e9s que s&#8217;ha descobert que beure <a href=\"http:\/\/www.cafesaula.com\/\" target=\"_blank\"><strong>caf\u00e8<\/strong> <\/a>durant <strong>l\u2019horari laboral<\/strong> et pot ajudar a guanyar tota la <strong>motivaci\u00f3 i concentraci\u00f3<\/strong> que necessites. Un estudi de l&#8217;Escola de Londres ha concl\u00f2s que la ingesta de <strong>cafe\u00efna<\/strong> redueix \u201csignificativament\u201d el nombre <strong>d&#8217;errors a la feina<\/strong>. Segons els seus investigadors, la <strong>cafe\u00efna<\/strong> millora \u201cla formaci\u00f3 de conceptes i el raciocini\u201d. Aix\u00ed mateix, altres qualitats importants durant <strong>l&#8217;horari laboral<\/strong> es veuen potenciades gr\u00e0cies a l&#8217;est\u00edmul d&#8217;un bon <a href=\"http:\/\/www.cafesaula.com\/\" target=\"_blank\"><strong>caf\u00e8<\/strong><\/a>, com la <strong>mem\u00f2ria, l&#8217;orientaci\u00f3, l&#8217;atenci\u00f3, el rendiment i la percepci\u00f3.<\/strong><\/p>\n<p>I no solament aix\u00f2. Encara que sembli sorprenent, diferents assajos cl\u00ednics han arribat a afirmar que el <a href=\"http:\/\/www.cafesaula.com\/\" target=\"_blank\"><strong>caf\u00e8<\/strong> <\/a>tamb\u00e9 alleuja els t\u00edpics <strong>dolors de cervicals, esquena, avantbra\u00e7 i canell<\/strong> que pateixen les persones que passen llargues jornades davant de la pantalla.<\/p>\n<p>I ja per acabar, no ens hem d&#8217;oblidar del valu\u00f3s <strong>moment del caf\u00e8 amb els companys de feina<\/strong>. Un <em>break <\/em>ideal per potenciar les <strong>relacions socials i el treball en equip<\/strong>. Aix\u00f2 s\u00ed, el <a href=\"http:\/\/www.cafesaula.com\/\" target=\"_blank\"><strong>caf\u00e8<\/strong><\/a> sempre cal prendre\u2019l en la seva justa mesura, ja que un exc\u00e9s tamb\u00e9 pot repercutir negativament a la feina, ja sigui incrementant <strong>l&#8217;estr\u00e8s i el nerviosisme<\/strong>.<\/p>\n<p>Des de <a href=\"http:\/\/www.cafesaula.com\/\" target=\"_blank\"><strong>Caf\u00e9 Saula<\/strong><\/a> us desitgem una bona tornada a la feina!<\/p>","protected":false},"excerpt":{"rendered":"<p>Creus que la tornada a la feina est\u00e0 sent m\u00e9s dura del normal? No et preocupis, perqu\u00e8 tenim una soluci\u00f3 per a tu. I \u00e9s que s&#8217;ha descobert que beure caf\u00e8 durant l\u2019horari laboral et pot ajudar a guanyar tota la motivaci\u00f3 i concentraci\u00f3 que necessites. Un estudi de l&#8217;Escola de Londres ha concl\u00f2s que&#8230;<\/p>\n","protected":false},"author":2,"featured_media":588,"comment_status":"closed","ping_status":"closed","sticky":false,"template":"","format":"standard","meta":{"footnotes":""},"categories":[58,2],"tags":[35,50,108,254,128,250,133,253,251,252],"class_list":["post-587","post","type-post","status-publish","format-standard","has-post-thumbnail","hentry","category-consejos","category-cafe","tag-cafe-2","tag-cafe-saula","tag-cafeina","tag-companeros-de-trabajo","tag-concentracion","tag-horario-laboral","tag-motivacion","tag-relaciones-laborales","tag-sindrome-postvacacional","tag-vuelta-al-trabajo"],"_links":{"self":[{"href":"https:\/\/www.cafesaula.com\/blog\/ca\/wp-json\/wp\/v2\/posts\/587","targetHints":{"allow":["GET"]}}],"collection":[{"href":"https:\/\/www.cafesaula.com\/blog\/ca\/wp-json\/wp\/v2\/posts"}],"about":[{"href":"https:\/\/www.cafesaula.com\/blog\/ca\/wp-json\/wp\/v2\/types\/post"}],"author":[{"embeddable":true,"href":"https:\/\/www.cafesaula.com\/blog\/ca\/wp-json\/wp\/v2\/users\/2"}],"replies":[{"embeddable":true,"href":"https:\/\/www.cafesaula.com\/blog\/ca\/wp-json\/wp\/v2\/comments?post=587"}],"version-history":[{"count":3,"href":"https:\/\/www.cafesaula.com\/blog\/ca\/wp-json\/wp\/v2\/posts\/587\/revisions"}],"predecessor-version":[{"id":749,"href":"https:\/\/www.cafesaula.com\/blog\/ca\/wp-json\/wp\/v2\/posts\/587\/revisions\/749"}],"wp:featuredmedia":[{"embeddable":true,"href":"https:\/\/www.cafesaula.com\/blog\/ca\/wp-json\/wp\/v2\/media\/588"}],"wp:attachment":[{"href":"https:\/\/www.cafesaula.com\/blog\/ca\/wp-json\/wp\/v2\/media?parent=587"}],"wp:term":[{"taxonomy":"category","embeddable":true,"href":"https:\/\/www.cafesaula.com\/blog\/ca\/wp-json\/wp\/v2\/categories?post=587"},{"taxonomy":"post_tag","embeddable":true,"href":"https:\/\/www.cafesaula.com\/blog\/ca\/wp-json\/wp\/v2\/tags?post=587"}],"curies":[{"name":"wp","href":"https:\/\/api.w.org\/{rel}","templated":true}]}}