{"id":636,"date":"2015-11-05T07:08:10","date_gmt":"2015-11-05T07:08:10","guid":{"rendered":"http:\/\/www.cafesaula.com\/blog\/?p=636"},"modified":"2015-11-19T09:09:14","modified_gmt":"2015-11-19T09:09:14","slug":"taita-2-un-lloc-de-trobada","status":"publish","type":"post","link":"https:\/\/www.cafesaula.com\/blog\/ca\/taita-2-un-lloc-de-trobada\/","title":{"rendered":"Taita 2, un lloc de trobada"},"content":{"rendered":"<p>En una de les zones m\u00e9s exclusives de <strong>Barcelona<\/strong>, just al costat de <strong>Francesc Maci\u00e0<\/strong>, existeix un petit local que, encara que modest, ha estat i \u00e9s lloc de trobada de nombrosos personatges p\u00fablics de renom. Encara que els seus propietaris, <strong>Marisa Santoll i Ventura Antillach<\/strong>, no volen desvetllar els seus noms, s\u00ed que expliquen com, l&#8217;any 98, van tenir com a client, fins a dues ocasions, al <strong>Rei Juan Carlos I<\/strong>. \u201cEs va quedar encantat amb el nostre <strong>caf\u00e8<\/strong>\u201d, recorda Antillach.<\/p>\n<p>Des de fa m\u00e9s de 20 anys <a href=\"http:\/\/www.cafesaula.com\/\" target=\"_blank\"><strong>Caf\u00e8 Saula<\/strong><\/a> \u00e9s la marca que es pot degustar al <strong>Taita 2<\/strong>, i ara concretament la varietat <a href=\"http:\/\/www.cafesaula.com\/store\/ca\/cafe-molt\/1-gran-espresso-premium-natural\" target=\"_blank\"><strong>Premium Original<\/strong>.<\/a> Si a aix\u00f2 li afegim els exquisits <strong>pepitos de rellom de vedella<\/strong> que donen fama al local, la parada \u00e9s gaireb\u00e9 obligat\u00f2ria. I qui sap, potser us trobeu amb algun personatge fam\u00f3s degustant una <strong>tassa de caf\u00e8<\/strong> entre les seves taules.<\/p>\n<p><span style=\"text-decoration: underline;\"><strong>Dades:<\/strong><\/span><\/p>\n<p><strong>Adre\u00e7a:<\/strong> c\/ del Mestre Nicolau, 6<\/p>\n<p><strong>Tel\u00e8fon:<\/strong> 93 209 84 85<\/p>\n<p><strong>Horaris:<\/strong> De dilluns a dissabte de 8 a 17 de la tarda. Diumenges i festius tancat.<\/p>\n<p>&nbsp;<\/p>\n<p><div id='gallery-2' class='gallery galleryid-636 gallery-columns-3 gallery-size-full'><figure class='gallery-item'>\n\t\t\t<div class='gallery-icon landscape'>\n\t\t\t\t<a href='https:\/\/www.cafesaula.com\/blog\/ca\/taita-2-un-lloc-de-trobada\/1-8\/'><img loading=\"lazy\" decoding=\"async\" width=\"711\" height=\"533\" src=\"https:\/\/www.cafesaula.com\/blog\/wp-content\/uploads\/2015\/10\/1.jpg\" class=\"attachment-full size-full\" alt=\"\" srcset=\"https:\/\/www.cafesaula.com\/blog\/wp-content\/uploads\/2015\/10\/1.jpg 711w, https:\/\/www.cafesaula.com\/blog\/wp-content\/uploads\/2015\/10\/1-240x180.jpg 240w, https:\/\/www.cafesaula.com\/blog\/wp-content\/uploads\/2015\/10\/1-473x355.jpg 473w\" sizes=\"auto, (max-width: 711px) 100vw, 711px\" \/><\/a>\n\t\t\t<\/div><\/figure><figure class='gallery-item'>\n\t\t\t<div class='gallery-icon landscape'>\n\t\t\t\t<a href='https:\/\/www.cafesaula.com\/blog\/ca\/taita-2-un-lloc-de-trobada\/3-4\/'><img loading=\"lazy\" decoding=\"async\" width=\"711\" height=\"533\" src=\"https:\/\/www.cafesaula.com\/blog\/wp-content\/uploads\/2015\/10\/3.jpg\" class=\"attachment-full size-full\" alt=\"\" srcset=\"https:\/\/www.cafesaula.com\/blog\/wp-content\/uploads\/2015\/10\/3.jpg 711w, https:\/\/www.cafesaula.com\/blog\/wp-content\/uploads\/2015\/10\/3-240x180.jpg 240w, https:\/\/www.cafesaula.com\/blog\/wp-content\/uploads\/2015\/10\/3-473x355.jpg 473w\" sizes=\"auto, (max-width: 711px) 100vw, 711px\" \/><\/a>\n\t\t\t<\/div><\/figure><figure class='gallery-item'>\n\t\t\t<div class='gallery-icon landscape'>\n\t\t\t\t<a href='https:\/\/www.cafesaula.com\/blog\/ca\/taita-2-un-lloc-de-trobada\/2-8\/'><img loading=\"lazy\" decoding=\"async\" width=\"711\" height=\"533\" src=\"https:\/\/www.cafesaula.com\/blog\/wp-content\/uploads\/2015\/10\/2.jpg\" class=\"attachment-full size-full\" alt=\"\" srcset=\"https:\/\/www.cafesaula.com\/blog\/wp-content\/uploads\/2015\/10\/2.jpg 711w, https:\/\/www.cafesaula.com\/blog\/wp-content\/uploads\/2015\/10\/2-240x180.jpg 240w, https:\/\/www.cafesaula.com\/blog\/wp-content\/uploads\/2015\/10\/2-473x355.jpg 473w\" sizes=\"auto, (max-width: 711px) 100vw, 711px\" \/><\/a>\n\t\t\t<\/div><\/figure>\n\t\t<\/div>\n<\/p>","protected":false},"excerpt":{"rendered":"<p>En una de les zones m\u00e9s exclusives de Barcelona, just al costat de Francesc Maci\u00e0, existeix un petit local que, encara que modest, ha estat i \u00e9s lloc de trobada de nombrosos personatges p\u00fablics de renom. Encara que els seus propietaris, Marisa Santoll i Ventura Antillach, no volen desvetllar els seus noms, s\u00ed que expliquen&#8230;<\/p>\n","protected":false},"author":2,"featured_media":638,"comment_status":"closed","ping_status":"closed","sticky":false,"template":"","format":"gallery","meta":{"footnotes":""},"categories":[93,49],"tags":[52,35,50,301,303,271,302,300],"class_list":["post-636","post","type-post","status-publish","format-gallery","has-post-thumbnail","hentry","category-cafeterias","category-historia","tag-barcelona","tag-cafe-2","tag-cafe-saula","tag-cafeterias-2","tag-personajes-famosos","tag-premium-original","tag-rey-juan-carlos-i","tag-taita-2","post_format-post-format-gallery"],"_links":{"self":[{"href":"https:\/\/www.cafesaula.com\/blog\/ca\/wp-json\/wp\/v2\/posts\/636","targetHints":{"allow":["GET"]}}],"collection":[{"href":"https:\/\/www.cafesaula.com\/blog\/ca\/wp-json\/wp\/v2\/posts"}],"about":[{"href":"https:\/\/www.cafesaula.com\/blog\/ca\/wp-json\/wp\/v2\/types\/post"}],"author":[{"embeddable":true,"href":"https:\/\/www.cafesaula.com\/blog\/ca\/wp-json\/wp\/v2\/users\/2"}],"replies":[{"embeddable":true,"href":"https:\/\/www.cafesaula.com\/blog\/ca\/wp-json\/wp\/v2\/comments?post=636"}],"version-history":[{"count":13,"href":"https:\/\/www.cafesaula.com\/blog\/ca\/wp-json\/wp\/v2\/posts\/636\/revisions"}],"predecessor-version":[{"id":739,"href":"https:\/\/www.cafesaula.com\/blog\/ca\/wp-json\/wp\/v2\/posts\/636\/revisions\/739"}],"wp:featuredmedia":[{"embeddable":true,"href":"https:\/\/www.cafesaula.com\/blog\/ca\/wp-json\/wp\/v2\/media\/638"}],"wp:attachment":[{"href":"https:\/\/www.cafesaula.com\/blog\/ca\/wp-json\/wp\/v2\/media?parent=636"}],"wp:term":[{"taxonomy":"category","embeddable":true,"href":"https:\/\/www.cafesaula.com\/blog\/ca\/wp-json\/wp\/v2\/categories?post=636"},{"taxonomy":"post_tag","embeddable":true,"href":"https:\/\/www.cafesaula.com\/blog\/ca\/wp-json\/wp\/v2\/tags?post=636"}],"curies":[{"name":"wp","href":"https:\/\/api.w.org\/{rel}","templated":true}]}}