{"id":669,"date":"2015-10-27T17:38:57","date_gmt":"2015-10-27T17:38:57","guid":{"rendered":"http:\/\/www.cafesaula.com\/blog\/?p=669"},"modified":"2015-11-19T09:10:09","modified_gmt":"2015-11-19T09:10:09","slug":"els-alumnes-del-pfi-de-restauracio-visiten-cafe-saula","status":"publish","type":"post","link":"https:\/\/www.cafesaula.com\/blog\/ca\/els-alumnes-del-pfi-de-restauracio-visiten-cafe-saula\/","title":{"rendered":"Els alumnes del PFI de restauraci\u00f3 visiten Caf\u00e8 Saula"},"content":{"rendered":"<p>El passat <strong>23 d&#8217;octubre<\/strong> vam tenir el plaer de rebre a les <strong><a href=\"http:\/\/www.cafesaula.com\/\">nostres instal\u00b7lacions<\/a><\/strong> els alumnes del <strong>PFI de restauraci\u00f3 de <a href=\"http:\/\/www.epiaigualada.cat\/\">l&#8217;Escola Pia d&#8217;Igualada<\/a><\/strong>. Durant la primera part de la visita, els alumnes van poder ser testimonis de tot el <strong>proc\u00e9s de<\/strong> <strong>selecci\u00f3 i torrat de caf\u00e8<\/strong> que ens caracteritza. Seguidament, els vam mostrar la nostra <strong>aula de formaci\u00f3<\/strong>, on el <strong>barista<\/strong> Julio Quiles els va ensenyar com preparar un bon <strong>espresso,<\/strong> les <strong><a href=\"https:\/\/www.cafesaula.com\/blog\/diferencies-entre-el-cafe-robusta-i-larabica\/\">difer\u00e8ncies entre el caf\u00e8 ar\u00e0bica i robusta<\/a><\/strong> mitjan\u00e7ant una <strong>cata<\/strong>, les emulsions de la llet i la neteja de la maquin\u00e0ria. Com a cirereta final, els estudiants van poder fer una mica de pr\u00e0ctica amb el <strong>latte art<\/strong>. En definitiva, una trobada molt estimulant que esperem poder repetir aviat. Un plaer nois!<\/p>\n<p><div id='gallery-2' class='gallery galleryid-669 gallery-columns-3 gallery-size-full'><figure class='gallery-item'>\n\t\t\t<div class='gallery-icon landscape'>\n\t\t\t\t<a href='https:\/\/www.cafesaula.com\/blog\/ca\/els-alumnes-del-pfi-de-restauracio-visiten-cafe-saula\/20151023_132440\/'><img loading=\"lazy\" decoding=\"async\" width=\"711\" height=\"400\" src=\"https:\/\/www.cafesaula.com\/blog\/wp-content\/uploads\/2015\/10\/20151023_132440.jpg\" class=\"attachment-full size-full\" alt=\"\" srcset=\"https:\/\/www.cafesaula.com\/blog\/wp-content\/uploads\/2015\/10\/20151023_132440.jpg 711w, https:\/\/www.cafesaula.com\/blog\/wp-content\/uploads\/2015\/10\/20151023_132440-319x180.jpg 319w, https:\/\/www.cafesaula.com\/blog\/wp-content\/uploads\/2015\/10\/20151023_132440-631x355.jpg 631w\" sizes=\"auto, (max-width: 711px) 100vw, 711px\" \/><\/a>\n\t\t\t<\/div><\/figure><figure class='gallery-item'>\n\t\t\t<div class='gallery-icon landscape'>\n\t\t\t\t<a href='https:\/\/www.cafesaula.com\/blog\/ca\/els-alumnes-del-pfi-de-restauracio-visiten-cafe-saula\/20151023_131633\/'><img loading=\"lazy\" decoding=\"async\" width=\"711\" height=\"400\" src=\"https:\/\/www.cafesaula.com\/blog\/wp-content\/uploads\/2015\/10\/20151023_131633.jpg\" class=\"attachment-full size-full\" alt=\"\" srcset=\"https:\/\/www.cafesaula.com\/blog\/wp-content\/uploads\/2015\/10\/20151023_131633.jpg 711w, https:\/\/www.cafesaula.com\/blog\/wp-content\/uploads\/2015\/10\/20151023_131633-319x180.jpg 319w, https:\/\/www.cafesaula.com\/blog\/wp-content\/uploads\/2015\/10\/20151023_131633-631x355.jpg 631w\" sizes=\"auto, (max-width: 711px) 100vw, 711px\" \/><\/a>\n\t\t\t<\/div><\/figure><figure class='gallery-item'>\n\t\t\t<div class='gallery-icon landscape'>\n\t\t\t\t<a href='https:\/\/www.cafesaula.com\/blog\/ca\/els-alumnes-del-pfi-de-restauracio-visiten-cafe-saula\/20151023_123420\/'><img loading=\"lazy\" decoding=\"async\" width=\"711\" height=\"400\" src=\"https:\/\/www.cafesaula.com\/blog\/wp-content\/uploads\/2015\/10\/20151023_123420.jpg\" class=\"attachment-full size-full\" alt=\"\" srcset=\"https:\/\/www.cafesaula.com\/blog\/wp-content\/uploads\/2015\/10\/20151023_123420.jpg 711w, https:\/\/www.cafesaula.com\/blog\/wp-content\/uploads\/2015\/10\/20151023_123420-319x180.jpg 319w, https:\/\/www.cafesaula.com\/blog\/wp-content\/uploads\/2015\/10\/20151023_123420-631x355.jpg 631w\" sizes=\"auto, (max-width: 711px) 100vw, 711px\" \/><\/a>\n\t\t\t<\/div><\/figure><figure class='gallery-item'>\n\t\t\t<div class='gallery-icon landscape'>\n\t\t\t\t<a href='https:\/\/www.cafesaula.com\/blog\/ca\/els-alumnes-del-pfi-de-restauracio-visiten-cafe-saula\/20151023_130735\/'><img loading=\"lazy\" decoding=\"async\" width=\"711\" height=\"400\" src=\"https:\/\/www.cafesaula.com\/blog\/wp-content\/uploads\/2015\/10\/20151023_130735.jpg\" class=\"attachment-full size-full\" alt=\"\" srcset=\"https:\/\/www.cafesaula.com\/blog\/wp-content\/uploads\/2015\/10\/20151023_130735.jpg 711w, https:\/\/www.cafesaula.com\/blog\/wp-content\/uploads\/2015\/10\/20151023_130735-319x180.jpg 319w, https:\/\/www.cafesaula.com\/blog\/wp-content\/uploads\/2015\/10\/20151023_130735-631x355.jpg 631w\" sizes=\"auto, (max-width: 711px) 100vw, 711px\" \/><\/a>\n\t\t\t<\/div><\/figure><figure class='gallery-item'>\n\t\t\t<div class='gallery-icon landscape'>\n\t\t\t\t<a href='https:\/\/www.cafesaula.com\/blog\/ca\/els-alumnes-del-pfi-de-restauracio-visiten-cafe-saula\/20151023_130922\/'><img loading=\"lazy\" decoding=\"async\" width=\"711\" height=\"400\" src=\"https:\/\/www.cafesaula.com\/blog\/wp-content\/uploads\/2015\/10\/20151023_130922.jpg\" class=\"attachment-full size-full\" alt=\"\" srcset=\"https:\/\/www.cafesaula.com\/blog\/wp-content\/uploads\/2015\/10\/20151023_130922.jpg 711w, https:\/\/www.cafesaula.com\/blog\/wp-content\/uploads\/2015\/10\/20151023_130922-319x180.jpg 319w, https:\/\/www.cafesaula.com\/blog\/wp-content\/uploads\/2015\/10\/20151023_130922-631x355.jpg 631w\" sizes=\"auto, (max-width: 711px) 100vw, 711px\" \/><\/a>\n\t\t\t<\/div><\/figure>\n\t\t<\/div>\n<\/p>","protected":false},"excerpt":{"rendered":"<p>El passat 23 d&#8217;octubre vam tenir el plaer de rebre a les nostres instal\u00b7lacions els alumnes del PFI de restauraci\u00f3 de l&#8217;Escola Pia d&#8217;Igualada. Durant la primera part de la visita, els alumnes van poder ser testimonis de tot el proc\u00e9s de selecci\u00f3 i torrat de caf\u00e8 que ens caracteritza. Seguidament, els vam mostrar la&#8230;<\/p>\n","protected":false},"author":2,"featured_media":673,"comment_status":"closed","ping_status":"closed","sticky":false,"template":"","format":"gallery","meta":{"footnotes":""},"categories":[2,61],"tags":[316,197,35,55,54,317,314,204,313,315],"class_list":["post-669","post","type-post","status-publish","format-gallery","has-post-thumbnail","hentry","category-cafe","category-esdeveniments","tag-aula-de-formacio","tag-barista","tag-cafe-2","tag-cafe-arabica","tag-cafe-robusta","tag-cata","tag-escola-pia-igualada","tag-latte-arte","tag-pfi-restauracio","tag-proces-de-seleccio","post_format-post-format-gallery"],"_links":{"self":[{"href":"https:\/\/www.cafesaula.com\/blog\/ca\/wp-json\/wp\/v2\/posts\/669","targetHints":{"allow":["GET"]}}],"collection":[{"href":"https:\/\/www.cafesaula.com\/blog\/ca\/wp-json\/wp\/v2\/posts"}],"about":[{"href":"https:\/\/www.cafesaula.com\/blog\/ca\/wp-json\/wp\/v2\/types\/post"}],"author":[{"embeddable":true,"href":"https:\/\/www.cafesaula.com\/blog\/ca\/wp-json\/wp\/v2\/users\/2"}],"replies":[{"embeddable":true,"href":"https:\/\/www.cafesaula.com\/blog\/ca\/wp-json\/wp\/v2\/comments?post=669"}],"version-history":[{"count":4,"href":"https:\/\/www.cafesaula.com\/blog\/ca\/wp-json\/wp\/v2\/posts\/669\/revisions"}],"predecessor-version":[{"id":740,"href":"https:\/\/www.cafesaula.com\/blog\/ca\/wp-json\/wp\/v2\/posts\/669\/revisions\/740"}],"wp:featuredmedia":[{"embeddable":true,"href":"https:\/\/www.cafesaula.com\/blog\/ca\/wp-json\/wp\/v2\/media\/673"}],"wp:attachment":[{"href":"https:\/\/www.cafesaula.com\/blog\/ca\/wp-json\/wp\/v2\/media?parent=669"}],"wp:term":[{"taxonomy":"category","embeddable":true,"href":"https:\/\/www.cafesaula.com\/blog\/ca\/wp-json\/wp\/v2\/categories?post=669"},{"taxonomy":"post_tag","embeddable":true,"href":"https:\/\/www.cafesaula.com\/blog\/ca\/wp-json\/wp\/v2\/tags?post=669"}],"curies":[{"name":"wp","href":"https:\/\/api.w.org\/{rel}","templated":true}]}}