{"id":1114,"date":"2016-09-15T08:27:01","date_gmt":"2016-09-15T08:27:01","guid":{"rendered":"http:\/\/www.cafesaula.com\/blog\/?p=1114"},"modified":"2016-09-15T08:29:02","modified_gmt":"2016-09-15T08:29:02","slug":"els-cafes-mes-emblematics-deuropa","status":"publish","type":"post","link":"https:\/\/www.cafesaula.com\/blog\/els-cafes-mes-emblematics-deuropa\/","title":{"rendered":"Los caf\u00e9s m\u00e1s emblem\u00e1ticos de Europa"},"content":{"rendered":"<p><\/p>\n<p style=\"text-align: justify;\">Europa no se entiende sin sus cafeter\u00edas, cuna y lugar de inspiraci\u00f3n de grandes intelectuales, escritores, pintores y fil\u00f3sofos. <strong>Par\u00eds<\/strong>,<strong> Londres<\/strong>, <strong>Praga <\/strong>o <strong>Viena<\/strong> son s\u00f3lo algunos de los puntos neur\u00e1lgicos donde se concentran m\u00e1s <strong>cafeter\u00edas hist\u00f3ricas y emblem\u00e1ticas<\/strong>. En <strong><a href=\"http:\/\/www.cafesaula.com\/es\/\">Caf\u00e9 Saula<\/a><\/strong> hemos hecho una peque\u00f1a selecci\u00f3n que no os pod\u00e9is perder durante vuestros viajes por la <strong>Vieja Europa<\/strong>.<\/p>\n<p style=\"text-align: justify;\"><strong><a href=\"http:\/\/www.caffeflorian.com\/en\/\">Caf\u00e9 Florian (Venecia, Italia)<\/a><\/strong><\/p>\n<p style=\"text-align: justify;\">Dicen que es el caf\u00e9 m\u00e1s antiguo de Europa. Abri\u00f3 sus puertas en 1720 y ocupa un privilegiado lugar bajo los p\u00f3rticos de la <strong>Plaza San Marcos de Venecia<\/strong>. Ilustres personajes como <strong>Goethe, Proust <\/strong>o<strong> Dickens<\/strong> se han sentado en sus mesas en busca de inspiraci\u00f3n.<\/p>\n<p style=\"text-align: justify;\"><strong><a href=\"http:\/\/www.palaisevents.at\/cafecentral.html\">Caf\u00e9 Central (Viena, Austria)<\/a><\/strong><\/p>\n<p style=\"text-align: justify;\">En la capital austr\u00edaca, adem\u00e1s del m\u00edtico <strong>Caf\u00e9 Sacher<\/strong>, origen de la deliciosa tarta que lleva el mismo nombre, hay que hacer una parada obligada al <strong>Caf\u00e9 Central<\/strong>. Con m\u00e1s de 150 a\u00f1os de historia, ha sido lugar de encuentro de grandes intelectuales como <strong>Freud <\/strong>o<strong> Trotsky<\/strong>. Hoy en d\u00eda los vieneses siguen frecuentando el lugar para disfrutar de su magn\u00edfico caf\u00e9, as\u00ed como su refinada <strong>reposter\u00eda<\/strong> y sus <strong>conciertos de piano<\/strong>.<\/p>\n<p style=\"text-align: justify;\"><strong><a href=\"http:\/\/www.maisonbertaux.com\/maisonbertaux.com\/Maison_Bertaux.html\">Maison Bertaux (Londres, Inglaterra)<\/a><\/strong><\/p>\n<p style=\"text-align: justify;\">Considerada la <strong>pasteler\u00eda m\u00e1s antigua de Londres<\/strong>, la <strong>Maison Bertaux<\/strong> fue inaugurada en 1871 por un parisino que hu\u00eda del ej\u00e9rcito prusiano. Situada en pleno <strong>Soho londinense<\/strong>, cerca de <strong>Carnaby<\/strong>, es f\u00e1cil identificar su fachada pintada de azul oscuro y sus toldos a rayas azules y blancas. Hoy en d\u00eda se sigue sirviendo, adem\u00e1s de un delicioso caf\u00e9, unos extraordinarios <strong>pasteles y boller\u00eda<\/strong> elaborada a diario de forma artesanal.<\/p>\n<p style=\"text-align: justify;\"><strong><a href=\"http:\/\/www.metropolehotel.com\/en\/dining\/cafe-metropole\">Caf\u00e9 Metropole (Bruselas, B\u00e9lgica)<\/a><\/strong><\/p>\n<p style=\"text-align: justify;\">Se trata de una de las cafeter\u00edas m\u00e1s destacadas de la capital belga, famosa por su decoraci\u00f3n <strong><em>Art Nouveau<\/em><\/strong>. Un estilo que ha sabido conservar desde su inauguraci\u00f3n en 1890 y que ha sido declarado como <strong>patrimonio art\u00edstico<\/strong>. En un ambiente exquisitamente refinado, este lugar sigue siendo una de las mejores opciones donde disfrutar de una buena <strong>taza de caf\u00e9<\/strong>.<\/p>\n<p style=\"text-align: justify;\"><strong><a href=\"http:\/\/www.hotelsbarriere.com\/fr\/paris\/hotel-fouquets\/restaurants-et-bars\/le-fouquet-s.html\">Caf\u00e9 Fouquet\u2019s (Par\u00eds, Francia)<\/a><\/strong><\/p>\n<p style=\"text-align: justify;\">En su momento hicimos un <strong><a href=\"https:\/\/www.cafesaula.com\/blog\/es\/els-millors-cafes-de-paris\/\">post sobre las mejores cafeter\u00edas de Paris<\/a><\/strong>, por lo que ahora queremos a\u00f1adir una cafeter\u00eda que no estaba en la lista. Se trata del <strong>Caf\u00e9 Fouquet\u2019s<\/strong>, fundado en 1899 y que forma parte del <strong>Hotel Fouquet\u2019s Barri\u00e8re<\/strong>. Una de las cafeter\u00edas m\u00e1s renombradas dentro de la <em>socialit\u00e9 parisi\u00e9n<\/em>, cuyas espl\u00e9ndidas vistas dan a los <strong>Campos El\u00edseos<\/strong>.<\/p>\n<p style=\"text-align: justify;\"><strong><a href=\"http:\/\/prague-stay.com\/lifestyle\/review\/44-cafe-evropa\/\">Caf\u00e9 Europa (Praga, Rep\u00fablica Checa)<\/a><\/strong><\/p>\n<p style=\"text-align: justify;\">Al m\u00e1s puro estilo <strong><em>Art Nouveau<\/em><\/strong>, este caf\u00e9 de 1906 goza de maravillosas vistas a la <strong>Plaza Wenceslao<\/strong>. Su interior recuerda todo el esplendor de los <strong>viejos hoteles europeos<\/strong>, y a\u00fan conserva los mostradores, grandes espejos, revestimientos y l\u00e1mparas originales. Por supuesto, la <strong>selecci\u00f3n de t\u00e9s y caf\u00e9s<\/strong> que ofrece este lugar emblem\u00e1tico es otro de los grandes motivos por los que merece la pena hacerle una visita.<\/p>\n<div id='gallery-1' class='gallery galleryid-1114 gallery-columns-3 gallery-size-full'><figure class='gallery-item'>\n\t\t\t<div class='gallery-icon landscape'>\n\t\t\t\t<a href='https:\/\/www.cafesaula.com\/blog\/els-cafes-mes-emblematics-deuropa\/belgien-provinz-brabant-bruessel-cafe-metropole-bar-und-restaurant-des-hotel-metropole-de-brouckereplein\/'><img loading=\"lazy\" decoding=\"async\" width=\"711\" height=\"474\" src=\"https:\/\/www.cafesaula.com\/blog\/wp-content\/uploads\/2016\/07\/cafe-metropole.jpg\" class=\"attachment-full size-full\" alt=\"\" srcset=\"https:\/\/www.cafesaula.com\/blog\/wp-content\/uploads\/2016\/07\/cafe-metropole.jpg 711w, https:\/\/www.cafesaula.com\/blog\/wp-content\/uploads\/2016\/07\/cafe-metropole-270x180.jpg 270w, https:\/\/www.cafesaula.com\/blog\/wp-content\/uploads\/2016\/07\/cafe-metropole-532x355.jpg 532w\" sizes=\"auto, (max-width: 711px) 100vw, 711px\" \/><\/a>\n\t\t\t<\/div><\/figure><figure class='gallery-item'>\n\t\t\t<div class='gallery-icon landscape'>\n\t\t\t\t<a href='https:\/\/www.cafesaula.com\/blog\/els-cafes-mes-emblematics-deuropa\/cafe-central-viena\/'><img loading=\"lazy\" decoding=\"async\" width=\"711\" height=\"474\" src=\"https:\/\/www.cafesaula.com\/blog\/wp-content\/uploads\/2016\/07\/cafe-central-viena.jpg\" class=\"attachment-full size-full\" alt=\"\" srcset=\"https:\/\/www.cafesaula.com\/blog\/wp-content\/uploads\/2016\/07\/cafe-central-viena.jpg 711w, https:\/\/www.cafesaula.com\/blog\/wp-content\/uploads\/2016\/07\/cafe-central-viena-270x180.jpg 270w, https:\/\/www.cafesaula.com\/blog\/wp-content\/uploads\/2016\/07\/cafe-central-viena-532x355.jpg 532w\" sizes=\"auto, (max-width: 711px) 100vw, 711px\" \/><\/a>\n\t\t\t<\/div><\/figure><figure class='gallery-item'>\n\t\t\t<div class='gallery-icon landscape'>\n\t\t\t\t<a href='https:\/\/www.cafesaula.com\/blog\/els-cafes-mes-emblematics-deuropa\/cafe-europa\/'><img loading=\"lazy\" decoding=\"async\" width=\"711\" height=\"486\" src=\"https:\/\/www.cafesaula.com\/blog\/wp-content\/uploads\/2016\/07\/cafe-europa.jpg\" class=\"attachment-full size-full\" alt=\"\" srcset=\"https:\/\/www.cafesaula.com\/blog\/wp-content\/uploads\/2016\/07\/cafe-europa.jpg 711w, https:\/\/www.cafesaula.com\/blog\/wp-content\/uploads\/2016\/07\/cafe-europa-263x180.jpg 263w, https:\/\/www.cafesaula.com\/blog\/wp-content\/uploads\/2016\/07\/cafe-europa-519x355.jpg 519w\" sizes=\"auto, (max-width: 711px) 100vw, 711px\" \/><\/a>\n\t\t\t<\/div><\/figure><figure class='gallery-item'>\n\t\t\t<div class='gallery-icon landscape'>\n\t\t\t\t<a href='https:\/\/www.cafesaula.com\/blog\/els-cafes-mes-emblematics-deuropa\/cafe-fouquets\/'><img loading=\"lazy\" decoding=\"async\" width=\"711\" height=\"476\" src=\"https:\/\/www.cafesaula.com\/blog\/wp-content\/uploads\/2016\/07\/cafe-fouquets.jpg\" class=\"attachment-full size-full\" alt=\"\" srcset=\"https:\/\/www.cafesaula.com\/blog\/wp-content\/uploads\/2016\/07\/cafe-fouquets.jpg 711w, https:\/\/www.cafesaula.com\/blog\/wp-content\/uploads\/2016\/07\/cafe-fouquets-268x180.jpg 268w, https:\/\/www.cafesaula.com\/blog\/wp-content\/uploads\/2016\/07\/cafe-fouquets-530x355.jpg 530w\" sizes=\"auto, (max-width: 711px) 100vw, 711px\" \/><\/a>\n\t\t\t<\/div><\/figure><figure class='gallery-item'>\n\t\t\t<div class='gallery-icon landscape'>\n\t\t\t\t<a href='https:\/\/www.cafesaula.com\/blog\/els-cafes-mes-emblematics-deuropa\/cafe-florian\/'><img loading=\"lazy\" decoding=\"async\" width=\"711\" height=\"533\" src=\"https:\/\/www.cafesaula.com\/blog\/wp-content\/uploads\/2016\/07\/Cafe-florian.jpg\" class=\"attachment-full size-full\" alt=\"\" srcset=\"https:\/\/www.cafesaula.com\/blog\/wp-content\/uploads\/2016\/07\/Cafe-florian.jpg 711w, https:\/\/www.cafesaula.com\/blog\/wp-content\/uploads\/2016\/07\/Cafe-florian-240x180.jpg 240w, https:\/\/www.cafesaula.com\/blog\/wp-content\/uploads\/2016\/07\/Cafe-florian-473x355.jpg 473w\" sizes=\"auto, (max-width: 711px) 100vw, 711px\" \/><\/a>\n\t\t\t<\/div><\/figure><figure class='gallery-item'>\n\t\t\t<div class='gallery-icon landscape'>\n\t\t\t\t<a href='https:\/\/www.cafesaula.com\/blog\/els-cafes-mes-emblematics-deuropa\/maison-bertaux\/'><img loading=\"lazy\" decoding=\"async\" width=\"711\" height=\"474\" src=\"https:\/\/www.cafesaula.com\/blog\/wp-content\/uploads\/2016\/07\/maison-bertaux.jpg\" class=\"attachment-full size-full\" alt=\"\" srcset=\"https:\/\/www.cafesaula.com\/blog\/wp-content\/uploads\/2016\/07\/maison-bertaux.jpg 711w, https:\/\/www.cafesaula.com\/blog\/wp-content\/uploads\/2016\/07\/maison-bertaux-270x180.jpg 270w, https:\/\/www.cafesaula.com\/blog\/wp-content\/uploads\/2016\/07\/maison-bertaux-532x355.jpg 532w\" sizes=\"auto, (max-width: 711px) 100vw, 711px\" \/><\/a>\n\t\t\t<\/div><\/figure>\n\t\t<\/div>\n\n<\/p>\n<p><\/p>","protected":false},"excerpt":{"rendered":"<p>Europa no se entiende sin sus cafeter\u00edas, cuna y lugar de inspiraci\u00f3n de grandes intelectuales, escritores, pintores y fil\u00f3sofos. Par\u00eds, Londres, Praga o Viena son s\u00f3lo algunos de los puntos neur\u00e1lgicos donde se concentran m\u00e1s cafeter\u00edas hist\u00f3ricas y emblem\u00e1ticas. En Caf\u00e9 Saula hemos hecho una peque\u00f1a selecci\u00f3n que no os pod\u00e9is perder durante vuestros viajes&#8230;<\/p>\n","protected":false},"author":2,"featured_media":1118,"comment_status":"closed","ping_status":"closed","sticky":false,"template":"","format":"gallery","meta":{"footnotes":""},"categories":[93,2,49,164],"tags":[486,35,492,494,487,489,485,50,301,496,499,497,498,491,490,91,495,488,493],"class_list":["post-1114","post","type-post","status-publish","format-gallery","has-post-thumbnail","hentry","category-cafeterias","category-cafe","category-historia","category-ritualers-2","tag-burselas","tag-cafe-2","tag-cafe-central","tag-cafe-europa","tag-cafe-florian","tag-cafe-fouquets","tag-cafe-metropole","tag-cafe-saula","tag-cafeterias-2","tag-emblematicos","tag-escritores","tag-europa","tag-intelectuales","tag-londres","tag-maison-bertaux","tag-paris","tag-praga","tag-venecia","tag-viena","post_format-post-format-gallery"],"_links":{"self":[{"href":"https:\/\/www.cafesaula.com\/blog\/wp-json\/wp\/v2\/posts\/1114","targetHints":{"allow":["GET"]}}],"collection":[{"href":"https:\/\/www.cafesaula.com\/blog\/wp-json\/wp\/v2\/posts"}],"about":[{"href":"https:\/\/www.cafesaula.com\/blog\/wp-json\/wp\/v2\/types\/post"}],"author":[{"embeddable":true,"href":"https:\/\/www.cafesaula.com\/blog\/wp-json\/wp\/v2\/users\/2"}],"replies":[{"embeddable":true,"href":"https:\/\/www.cafesaula.com\/blog\/wp-json\/wp\/v2\/comments?post=1114"}],"version-history":[{"count":4,"href":"https:\/\/www.cafesaula.com\/blog\/wp-json\/wp\/v2\/posts\/1114\/revisions"}],"predecessor-version":[{"id":1129,"href":"https:\/\/www.cafesaula.com\/blog\/wp-json\/wp\/v2\/posts\/1114\/revisions\/1129"}],"wp:featuredmedia":[{"embeddable":true,"href":"https:\/\/www.cafesaula.com\/blog\/wp-json\/wp\/v2\/media\/1118"}],"wp:attachment":[{"href":"https:\/\/www.cafesaula.com\/blog\/wp-json\/wp\/v2\/media?parent=1114"}],"wp:term":[{"taxonomy":"category","embeddable":true,"href":"https:\/\/www.cafesaula.com\/blog\/wp-json\/wp\/v2\/categories?post=1114"},{"taxonomy":"post_tag","embeddable":true,"href":"https:\/\/www.cafesaula.com\/blog\/wp-json\/wp\/v2\/tags?post=1114"}],"curies":[{"name":"wp","href":"https:\/\/api.w.org\/{rel}","templated":true}]}}