{"id":1323,"date":"2017-02-15T08:25:56","date_gmt":"2017-02-15T08:25:56","guid":{"rendered":"http:\/\/www.cafesaula.com\/blog\/?p=1323"},"modified":"2017-02-15T08:25:56","modified_gmt":"2017-02-15T08:25:56","slug":"eclectico-cafe-espai-gastro-cultural-a-tenerife","status":"publish","type":"post","link":"https:\/\/www.cafesaula.com\/blog\/eclectico-cafe-espai-gastro-cultural-a-tenerife\/","title":{"rendered":"Ecl\u00e9ctico Caf\u00e9, espacio gastro-cultural en Tenerife"},"content":{"rendered":"<p><\/p>\n<p style=\"text-align: justify;\">En la localidad de <strong>Las Caletillas<\/strong>, en <strong>Tenerife<\/strong>, existe un <strong>espacio gastro-cultural<\/strong> donde se dan cita cada mes nuevos artistas que cubren las paredes con sus obras. Un lugar donde los artesanos tienen cabida en su <strong>mercadillo de arte<\/strong> que convoca cada tres meses, y donde se organizan <strong>charlas, debates, talleres, ac\u00fasticos<\/strong>, as\u00ed como <strong>tardes literarias y filos\u00f3ficas<\/strong>.<\/p>\n<p style=\"text-align: justify;\">El sitio se llama <a href=\"https:\/\/www.facebook.com\/EclecticoCafe\/\"><strong>Ecl\u00e9ctico Caf\u00e9<\/strong><\/a> y sus propietarios han apostado desde el principio por los <strong>productos de calidad<\/strong>. As\u00ed pues, en sus mesas se pueden disfrutar de deliciosas <strong>tartas reci\u00e9n horneadas<\/strong>, una variada <strong>selecci\u00f3n de Bagels<\/strong>, as\u00ed como una amplia lista de <strong>t\u00e9s<\/strong>, donde predominan el <strong>T\u00e9 Chai (India)<\/strong> y <strong>Matcha (Jap\u00f3n)<\/strong>. Y todo ello acompa\u00f1ado de una exquisita <strong>selecci\u00f3n musical<\/strong>.<\/p>\n<p style=\"text-align: justify;\">Seg\u00fan los propietarios de <a href=\"https:\/\/www.facebook.com\/EclecticoCafe\/\"><strong>Ecl\u00e9ctico Caf\u00e9<\/strong><\/a>, uno de sus productos estrella es el <a href=\"http:\/\/www.cafesaula.com\/store\/es\/\"><strong>Caf\u00e9 Saula<\/strong><\/a>. Concretamente las variedades <a href=\"http:\/\/www.cafesaula.com\/store\/es\/cafe-molido\/25-gran-espresso-premium-natural\"><strong>Premium Bourbon<\/strong><\/a> y <a href=\"http:\/\/www.cafesaula.com\/store\/es\/cafe-molido\/2-gran-espresso-premium-ecologico\"><strong>Premium Ecol\u00f3gico<\/strong><\/a> son las que, a su parecer, les ofrece un <strong>nivel de calidad m\u00e1s \u00f3ptimo<\/strong>. En definitiva, pasarse por <a href=\"https:\/\/www.facebook.com\/EclecticoCafe\/\"><strong>Ecl\u00e9ctico Caf\u00e9<\/strong><\/a> ofrece a los visitantes un espacio donde disfrutar no s\u00f3lo del arte m\u00e1s actual, sino de una <strong>gastronom\u00eda de calidad<\/strong>.<strong>\u00a0<\/strong><\/p>\n<p style=\"text-align: justify;\"><strong>\u00a1Habr\u00e1 que ir!<\/strong><\/p>\n<div id='gallery-1' class='gallery galleryid-1323 gallery-columns-3 gallery-size-full'><figure class='gallery-item'>\n\t\t\t<div class='gallery-icon landscape'>\n\t\t\t\t<a href='https:\/\/www.cafesaula.com\/blog\/eclectico-cafe-espai-gastro-cultural-a-tenerife\/fb_img_1482168152655\/'><img loading=\"lazy\" decoding=\"async\" width=\"711\" height=\"660\" src=\"https:\/\/www.cafesaula.com\/blog\/wp-content\/uploads\/2017\/02\/FB_IMG_1482168152655.jpg\" class=\"attachment-full size-full\" alt=\"\" srcset=\"https:\/\/www.cafesaula.com\/blog\/wp-content\/uploads\/2017\/02\/FB_IMG_1482168152655.jpg 711w, https:\/\/www.cafesaula.com\/blog\/wp-content\/uploads\/2017\/02\/FB_IMG_1482168152655-193x180.jpg 193w, https:\/\/www.cafesaula.com\/blog\/wp-content\/uploads\/2017\/02\/FB_IMG_1482168152655-382x355.jpg 382w\" sizes=\"auto, (max-width: 711px) 100vw, 711px\" \/><\/a>\n\t\t\t<\/div><\/figure><figure class='gallery-item'>\n\t\t\t<div class='gallery-icon landscape'>\n\t\t\t\t<a href='https:\/\/www.cafesaula.com\/blog\/eclectico-cafe-espai-gastro-cultural-a-tenerife\/saula-39\/'><img loading=\"lazy\" decoding=\"async\" width=\"711\" height=\"636\" src=\"https:\/\/www.cafesaula.com\/blog\/wp-content\/uploads\/2017\/02\/saula-39.jpg\" class=\"attachment-full size-full\" alt=\"\" srcset=\"https:\/\/www.cafesaula.com\/blog\/wp-content\/uploads\/2017\/02\/saula-39.jpg 711w, https:\/\/www.cafesaula.com\/blog\/wp-content\/uploads\/2017\/02\/saula-39-201x180.jpg 201w, https:\/\/www.cafesaula.com\/blog\/wp-content\/uploads\/2017\/02\/saula-39-396x355.jpg 396w\" sizes=\"auto, (max-width: 711px) 100vw, 711px\" \/><\/a>\n\t\t\t<\/div><\/figure><figure class='gallery-item'>\n\t\t\t<div class='gallery-icon landscape'>\n\t\t\t\t<a href='https:\/\/www.cafesaula.com\/blog\/eclectico-cafe-espai-gastro-cultural-a-tenerife\/saula-54\/'><img loading=\"lazy\" decoding=\"async\" width=\"711\" height=\"474\" src=\"https:\/\/www.cafesaula.com\/blog\/wp-content\/uploads\/2017\/02\/saula-54.jpg\" class=\"attachment-full size-full\" alt=\"\" srcset=\"https:\/\/www.cafesaula.com\/blog\/wp-content\/uploads\/2017\/02\/saula-54.jpg 711w, https:\/\/www.cafesaula.com\/blog\/wp-content\/uploads\/2017\/02\/saula-54-270x180.jpg 270w, https:\/\/www.cafesaula.com\/blog\/wp-content\/uploads\/2017\/02\/saula-54-532x355.jpg 532w\" sizes=\"auto, (max-width: 711px) 100vw, 711px\" \/><\/a>\n\t\t\t<\/div><\/figure><figure class='gallery-item'>\n\t\t\t<div class='gallery-icon landscape'>\n\t\t\t\t<a href='https:\/\/www.cafesaula.com\/blog\/eclectico-cafe-espai-gastro-cultural-a-tenerife\/saula-15\/'><img loading=\"lazy\" decoding=\"async\" width=\"711\" height=\"651\" src=\"https:\/\/www.cafesaula.com\/blog\/wp-content\/uploads\/2017\/02\/saula-15.jpg\" class=\"attachment-full size-full\" alt=\"\" srcset=\"https:\/\/www.cafesaula.com\/blog\/wp-content\/uploads\/2017\/02\/saula-15.jpg 711w, https:\/\/www.cafesaula.com\/blog\/wp-content\/uploads\/2017\/02\/saula-15-196x180.jpg 196w, https:\/\/www.cafesaula.com\/blog\/wp-content\/uploads\/2017\/02\/saula-15-387x355.jpg 387w\" sizes=\"auto, (max-width: 711px) 100vw, 711px\" \/><\/a>\n\t\t\t<\/div><\/figure><figure class='gallery-item'>\n\t\t\t<div class='gallery-icon landscape'>\n\t\t\t\t<a href='https:\/\/www.cafesaula.com\/blog\/eclectico-cafe-espai-gastro-cultural-a-tenerife\/fb_img_1485877680432\/'><img loading=\"lazy\" decoding=\"async\" width=\"711\" height=\"675\" src=\"https:\/\/www.cafesaula.com\/blog\/wp-content\/uploads\/2017\/02\/FB_IMG_1485877680432.jpg\" class=\"attachment-full size-full\" alt=\"\" srcset=\"https:\/\/www.cafesaula.com\/blog\/wp-content\/uploads\/2017\/02\/FB_IMG_1485877680432.jpg 711w, https:\/\/www.cafesaula.com\/blog\/wp-content\/uploads\/2017\/02\/FB_IMG_1485877680432-189x180.jpg 189w, https:\/\/www.cafesaula.com\/blog\/wp-content\/uploads\/2017\/02\/FB_IMG_1485877680432-373x355.jpg 373w\" sizes=\"auto, (max-width: 711px) 100vw, 711px\" \/><\/a>\n\t\t\t<\/div><\/figure><figure class='gallery-item'>\n\t\t\t<div class='gallery-icon landscape'>\n\t\t\t\t<a href='https:\/\/www.cafesaula.com\/blog\/eclectico-cafe-espai-gastro-cultural-a-tenerife\/fb_img_1485877558056\/'><img loading=\"lazy\" decoding=\"async\" width=\"711\" height=\"570\" src=\"https:\/\/www.cafesaula.com\/blog\/wp-content\/uploads\/2017\/02\/FB_IMG_1485877558056.jpg\" class=\"attachment-full size-full\" alt=\"\" srcset=\"https:\/\/www.cafesaula.com\/blog\/wp-content\/uploads\/2017\/02\/FB_IMG_1485877558056.jpg 711w, https:\/\/www.cafesaula.com\/blog\/wp-content\/uploads\/2017\/02\/FB_IMG_1485877558056-224x180.jpg 224w, https:\/\/www.cafesaula.com\/blog\/wp-content\/uploads\/2017\/02\/FB_IMG_1485877558056-442x355.jpg 442w\" sizes=\"auto, (max-width: 711px) 100vw, 711px\" \/><\/a>\n\t\t\t<\/div><\/figure><figure class='gallery-item'>\n\t\t\t<div class='gallery-icon landscape'>\n\t\t\t\t<a href='https:\/\/www.cafesaula.com\/blog\/eclectico-cafe-espai-gastro-cultural-a-tenerife\/fb_img_1485877445375\/'><img loading=\"lazy\" decoding=\"async\" width=\"711\" height=\"400\" src=\"https:\/\/www.cafesaula.com\/blog\/wp-content\/uploads\/2017\/02\/FB_IMG_1485877445375.jpg\" class=\"attachment-full size-full\" alt=\"\" srcset=\"https:\/\/www.cafesaula.com\/blog\/wp-content\/uploads\/2017\/02\/FB_IMG_1485877445375.jpg 711w, https:\/\/www.cafesaula.com\/blog\/wp-content\/uploads\/2017\/02\/FB_IMG_1485877445375-319x180.jpg 319w, https:\/\/www.cafesaula.com\/blog\/wp-content\/uploads\/2017\/02\/FB_IMG_1485877445375-631x355.jpg 631w\" sizes=\"auto, (max-width: 711px) 100vw, 711px\" \/><\/a>\n\t\t\t<\/div><\/figure>\n\t\t<\/div>\n\n<\/p>\n<p><\/p>","protected":false},"excerpt":{"rendered":"<p>En la localidad de Las Caletillas, en Tenerife, existe un espacio gastro-cultural donde se dan cita cada mes nuevos artistas que cubren las paredes con sus obras. Un lugar donde los artesanos tienen cabida en su mercadillo de arte que convoca cada tres meses, y donde se organizan charlas, debates, talleres, ac\u00fasticos, as\u00ed como tardes&#8230;<\/p>\n","protected":false},"author":2,"featured_media":1327,"comment_status":"closed","ping_status":"closed","sticky":false,"template":"","format":"gallery","meta":{"footnotes":""},"categories":[93,2,164],"tags":[597,65,92,594,405,598,595,66,155,596],"class_list":["post-1323","post","type-post","status-publish","format-gallery","has-post-thumbnail","hentry","category-cafeterias","category-cafe","category-ritualers-2","tag-arte","tag-bourbon","tag-cafeteria","tag-eclectico-cafe","tag-ecologico","tag-gastro-cultural","tag-las-caletillas","tag-premium","tag-ritualers","tag-tenerife","post_format-post-format-gallery"],"_links":{"self":[{"href":"https:\/\/www.cafesaula.com\/blog\/wp-json\/wp\/v2\/posts\/1323","targetHints":{"allow":["GET"]}}],"collection":[{"href":"https:\/\/www.cafesaula.com\/blog\/wp-json\/wp\/v2\/posts"}],"about":[{"href":"https:\/\/www.cafesaula.com\/blog\/wp-json\/wp\/v2\/types\/post"}],"author":[{"embeddable":true,"href":"https:\/\/www.cafesaula.com\/blog\/wp-json\/wp\/v2\/users\/2"}],"replies":[{"embeddable":true,"href":"https:\/\/www.cafesaula.com\/blog\/wp-json\/wp\/v2\/comments?post=1323"}],"version-history":[{"count":5,"href":"https:\/\/www.cafesaula.com\/blog\/wp-json\/wp\/v2\/posts\/1323\/revisions"}],"predecessor-version":[{"id":1348,"href":"https:\/\/www.cafesaula.com\/blog\/wp-json\/wp\/v2\/posts\/1323\/revisions\/1348"}],"wp:featuredmedia":[{"embeddable":true,"href":"https:\/\/www.cafesaula.com\/blog\/wp-json\/wp\/v2\/media\/1327"}],"wp:attachment":[{"href":"https:\/\/www.cafesaula.com\/blog\/wp-json\/wp\/v2\/media?parent=1323"}],"wp:term":[{"taxonomy":"category","embeddable":true,"href":"https:\/\/www.cafesaula.com\/blog\/wp-json\/wp\/v2\/categories?post=1323"},{"taxonomy":"post_tag","embeddable":true,"href":"https:\/\/www.cafesaula.com\/blog\/wp-json\/wp\/v2\/tags?post=1323"}],"curies":[{"name":"wp","href":"https:\/\/api.w.org\/{rel}","templated":true}]}}