{"id":1606,"date":"2017-10-26T08:50:21","date_gmt":"2017-10-26T08:50:21","guid":{"rendered":"http:\/\/www.cafesaula.com\/blog\/?p=1606"},"modified":"2017-10-26T08:50:21","modified_gmt":"2017-10-26T08:50:21","slug":"3-metodes-per-conservar-el-cafe","status":"publish","type":"post","link":"https:\/\/www.cafesaula.com\/blog\/3-metodes-per-conservar-el-cafe\/","title":{"rendered":"3 m\u00e9todos para conservar el caf\u00e9"},"content":{"rendered":"<p><\/p>\n<p style=\"text-align: justify;\">Cualquier <strong>amante del caf\u00e9<\/strong> sabe que para <strong>saborear un buen caf\u00e9<\/strong> no s\u00f3lo basta con tener un <strong>producto de la m\u00e1xima calidad<\/strong>, sino que hay que saberlo conservar adecuadamente en todo momento. No olvidemos que <strong>el caf\u00e9 es la semilla de un fruto<\/strong> y con el tiempo va perdiendo toda su esencia y sus propiedades. Por lo tanto, su conservaci\u00f3n es un factor b\u00e1sico en el resultado final. Os dejamos algunos <strong>m\u00e9todos muy sencillos para conservar el caf\u00e9<\/strong> sin perder sus propiedades:<\/p>\n<p style=\"text-align: justify;\"><strong>1: Conservar el caf\u00e9 en la nevera <\/strong><\/p>\n<p style=\"text-align: justify;\">El <strong>calor y la humedad<\/strong> son dos grandes enemigos a la hora de <strong>conservar los granos de caf\u00e9<\/strong>, ya que se oxidan y les resta gran parte de su <strong>aroma y sabor<\/strong>. De hecho, la temperatura del grano de caf\u00e9 nunca deber\u00eda exceder de los 20\u00ba. Por eso, la nevera es una gran aliada para <strong>conservar el caf\u00e9<\/strong> adecuadamente.<\/p>\n<p style=\"text-align: justify;\"><strong>2: Proteger el caf\u00e9 cerrado herm\u00e9ticamente<\/strong><\/p>\n<p style=\"text-align: justify;\">Pero no solo es importante <strong>guardar el caf\u00e9 en la nevera<\/strong>, sino que tambi\u00e9n es indispensable <strong>mantener el caf\u00e9 en un recipiente cerrado<\/strong> <strong>para evitar el<\/strong> <strong>contacto con el oxigeno<\/strong>. Lo ideal es dejarlo dentro de uno de nuestros <strong>envases de lata de 250 gramos<\/strong> o en un <strong>tupper cerrado herm\u00e9ticamente<\/strong>.<\/p>\n<p style=\"text-align: justify;\">\u00a0<strong>3:\u00a0Moler el caf\u00e9 en el momento<\/strong><\/p>\n<p style=\"text-align: justify;\">Aunque <strong>moler el caf\u00e9 en casa<\/strong> no es muy frecuente, los m\u00e1s <strong>sibaritas <\/strong>suelen contar con un peque\u00f1o <strong>molinillo de caf\u00e9<\/strong> para sus ocasiones especiales. Se trata de una muy buena manera de <strong>conservar la esencia del caf\u00e9<\/strong>, ya que el <strong>caf\u00e9 molido<\/strong> suele conservarse mejor que el <strong>caf\u00e9 en grano<\/strong>.<\/p>\n<p style=\"text-align: justify;\"><strong>\u00a1Desde <a href=\"http:\/\/www.cafesaula.com\/store\/es\/\">Caf\u00e9 Saula<\/a> esperamos que estos sencillos m\u00e9todos para conservar el caf\u00e9 os hayan sido de utilidad!<\/strong><\/p>\n<\/p>\n<p><\/p>","protected":false},"excerpt":{"rendered":"<p>Cualquier amante del caf\u00e9 sabe que para saborear un buen caf\u00e9 no s\u00f3lo basta con tener un producto de la m\u00e1xima calidad, sino que hay que saberlo conservar adecuadamente en todo momento. No olvidemos que el caf\u00e9 es la semilla de un fruto y con el tiempo va perdiendo toda su esencia y sus propiedades&#8230;.<\/p>\n","protected":false},"author":2,"featured_media":1607,"comment_status":"closed","ping_status":"closed","sticky":false,"template":"","format":"standard","meta":{"footnotes":""},"categories":[58,2,164],"tags":[35,732,50,730,731],"class_list":["post-1606","post","type-post","status-publish","format-standard","has-post-thumbnail","hentry","category-consejos","category-cafe","category-ritualers-2","tag-cafe-2","tag-cafe-en-la-nevera","tag-cafe-saula","tag-conservar-cafe","tag-esencia-cafe"],"_links":{"self":[{"href":"https:\/\/www.cafesaula.com\/blog\/wp-json\/wp\/v2\/posts\/1606","targetHints":{"allow":["GET"]}}],"collection":[{"href":"https:\/\/www.cafesaula.com\/blog\/wp-json\/wp\/v2\/posts"}],"about":[{"href":"https:\/\/www.cafesaula.com\/blog\/wp-json\/wp\/v2\/types\/post"}],"author":[{"embeddable":true,"href":"https:\/\/www.cafesaula.com\/blog\/wp-json\/wp\/v2\/users\/2"}],"replies":[{"embeddable":true,"href":"https:\/\/www.cafesaula.com\/blog\/wp-json\/wp\/v2\/comments?post=1606"}],"version-history":[{"count":5,"href":"https:\/\/www.cafesaula.com\/blog\/wp-json\/wp\/v2\/posts\/1606\/revisions"}],"predecessor-version":[{"id":1617,"href":"https:\/\/www.cafesaula.com\/blog\/wp-json\/wp\/v2\/posts\/1606\/revisions\/1617"}],"wp:featuredmedia":[{"embeddable":true,"href":"https:\/\/www.cafesaula.com\/blog\/wp-json\/wp\/v2\/media\/1607"}],"wp:attachment":[{"href":"https:\/\/www.cafesaula.com\/blog\/wp-json\/wp\/v2\/media?parent=1606"}],"wp:term":[{"taxonomy":"category","embeddable":true,"href":"https:\/\/www.cafesaula.com\/blog\/wp-json\/wp\/v2\/categories?post=1606"},{"taxonomy":"post_tag","embeddable":true,"href":"https:\/\/www.cafesaula.com\/blog\/wp-json\/wp\/v2\/tags?post=1606"}],"curies":[{"name":"wp","href":"https:\/\/api.w.org\/{rel}","templated":true}]}}