{"id":1653,"date":"2018-02-15T09:42:36","date_gmt":"2018-02-15T09:42:36","guid":{"rendered":"http:\/\/www.cafesaula.com\/blog\/?p=1653"},"modified":"2018-02-15T09:42:36","modified_gmt":"2018-02-15T09:42:36","slug":"el-nostre-servei-dentrega-rapida-al-client-es-la-clau-de-la-nostra-feina","status":"publish","type":"post","link":"https:\/\/www.cafesaula.com\/blog\/el-nostre-servei-dentrega-rapida-al-client-es-la-clau-de-la-nostra-feina\/","title":{"rendered":"\u201cNuestro servicio de entrega r\u00e1pida al cliente es la clave de nuestro trabajo\u201d"},"content":{"rendered":"<p><\/p>\n<p style=\"text-align: justify;\"><strong>Entrevista a Javier Valera, jefe de log\u00edstica de Caf\u00e9\u00a0Saula.<\/strong><\/p>\n<p style=\"text-align: justify;\">Cuando describe en que consiste su trabajo, Javier, de pocas palabras, lo simplifica diciendo que se encarga de la log\u00edstica. Pero no nos enga\u00f1amos, \u00e9l es el encargado de controlar todo el <strong>proceso de entrada y de salida del caf\u00e9 de la f\u00e1brica<\/strong>. Y no s\u00f3lo esto, sino de todo los botes, latas, bobinas y material necesario para sacar adelante un <strong>negocio\u00a0cafetero\u00a0<\/strong>como <a href=\"http:\/\/www.cafesaula.com\/store\/es\/\"><strong>Caf\u00e9\u00a0Saula<\/strong><\/a>. Un trabajo que requiere de una coordinaci\u00f3n muy calculada y precisa. Javier nos lo explica.<\/p>\n<p style=\"text-align: justify;\"><strong>\u00bfPor qu\u00e9 crees que es tan importante tu trabajo?<\/strong><br \/>\nSin el departamento de log\u00edstica pr\u00e1cticamente nadie podr\u00eda trabajar. Si no entramos a f\u00e1brica el caf\u00e9 verde, nadie lo puede tostar, si no entramos las bobinas, no se puede empaquetar. Nuestra misi\u00f3n es organizar bien el almac\u00e9n y la entrada de material para que despu\u00e9s todo el mundo pueda hacer bien su trabajo.<\/p>\n<p style=\"text-align: justify;\"><strong>\u00bfCu\u00e1l consideras que es la prioridad de tu departamento?<\/strong><br \/>\nNuestro servicio de entrega r\u00e1pida al cliente es la clave de nuestro trabajo. B\u00e1sicamente, desde que un cliente nos hace un pedido hasta que lo recibe, nuestra prioridad es que se haga la entrega en las siguientes 24 o 48 horas, como mucho.<\/p>\n<p style=\"text-align: justify;\"><strong>\u00bfQu\u00e9 es lo que m\u00e1s te gusta de tu trabajo?<\/strong><br \/>\nQuerr\u00eda remarcar especialmente qu\u00e9 es un modelo de empresa familiar. Esto quiere decir que, al ser m\u00e1s peque\u00f1a, est\u00e1n m\u00e1s por los empleados y el trato es m\u00e1s directo. Esta proximidad, que no la he tenido en otras empresas m\u00e1s grandes, me gusta mucho.<\/p>\n<p><\/p>","protected":false},"excerpt":{"rendered":"<p>Entrevista a Javier Valera, jefe de log\u00edstica de Caf\u00e9\u00a0Saula. Cuando describe en que consiste su trabajo, Javier, de pocas palabras, lo simplifica diciendo que se encarga de la log\u00edstica. Pero no nos enga\u00f1amos, \u00e9l es el encargado de controlar todo el proceso de entrada y de salida del caf\u00e9 de la f\u00e1brica. Y no s\u00f3lo&#8230;<\/p>\n","protected":false},"author":2,"featured_media":1654,"comment_status":"closed","ping_status":"closed","sticky":false,"template":"","format":"standard","meta":{"footnotes":""},"categories":[2,49,164],"tags":[35,50,746,567,743,744,745],"class_list":["post-1653","post","type-post","status-publish","format-standard","has-post-thumbnail","hentry","category-cafe","category-historia","category-ritualers-2","tag-cafe-2","tag-cafe-saula","tag-cliente","tag-empresa","tag-javier-valera","tag-logistica","tag-ventas"],"_links":{"self":[{"href":"https:\/\/www.cafesaula.com\/blog\/wp-json\/wp\/v2\/posts\/1653","targetHints":{"allow":["GET"]}}],"collection":[{"href":"https:\/\/www.cafesaula.com\/blog\/wp-json\/wp\/v2\/posts"}],"about":[{"href":"https:\/\/www.cafesaula.com\/blog\/wp-json\/wp\/v2\/types\/post"}],"author":[{"embeddable":true,"href":"https:\/\/www.cafesaula.com\/blog\/wp-json\/wp\/v2\/users\/2"}],"replies":[{"embeddable":true,"href":"https:\/\/www.cafesaula.com\/blog\/wp-json\/wp\/v2\/comments?post=1653"}],"version-history":[{"count":3,"href":"https:\/\/www.cafesaula.com\/blog\/wp-json\/wp\/v2\/posts\/1653\/revisions"}],"predecessor-version":[{"id":1756,"href":"https:\/\/www.cafesaula.com\/blog\/wp-json\/wp\/v2\/posts\/1653\/revisions\/1756"}],"wp:featuredmedia":[{"embeddable":true,"href":"https:\/\/www.cafesaula.com\/blog\/wp-json\/wp\/v2\/media\/1654"}],"wp:attachment":[{"href":"https:\/\/www.cafesaula.com\/blog\/wp-json\/wp\/v2\/media?parent=1653"}],"wp:term":[{"taxonomy":"category","embeddable":true,"href":"https:\/\/www.cafesaula.com\/blog\/wp-json\/wp\/v2\/categories?post=1653"},{"taxonomy":"post_tag","embeddable":true,"href":"https:\/\/www.cafesaula.com\/blog\/wp-json\/wp\/v2\/tags?post=1653"}],"curies":[{"name":"wp","href":"https:\/\/api.w.org\/{rel}","templated":true}]}}