{"id":1681,"date":"2017-12-07T02:05:06","date_gmt":"2017-12-07T02:05:06","guid":{"rendered":"http:\/\/www.cafesaula.com\/blog\/?p=1681"},"modified":"2017-12-07T02:10:09","modified_gmt":"2017-12-07T02:10:09","slug":"restaurant-el-foro-art-gastronomia-i-cultura","status":"publish","type":"post","link":"https:\/\/www.cafesaula.com\/blog\/restaurant-el-foro-art-gastronomia-i-cultura\/","title":{"rendered":"Restaurante El Foro: arte, gastronom\u00eda y cultura"},"content":{"rendered":"<p><\/p>\n<p style=\"text-align: justify;\">El <strong>restaurante argentino <\/strong><a href=\"http:\/\/www.restauranteelforo.com\/home\"><strong>El Foro<\/strong><\/a> lleva m\u00e1s de 18 a\u00f1os sirviendo, como no pod\u00eda ser de otra manera, <strong>la mejor carne del mercado<\/strong>. Con su <strong>aspecto de bistr\u00f4t<\/strong> y una decoraci\u00f3n con mucho encanto, lo que realmente ha tra\u00eddo el \u00e9xito a este restaurante situado en el <strong>Born de Barcelona<\/strong> es su oferta y <strong>relaci\u00f3n calidad-precio<\/strong>. Se trata de un local que ha sabido adaptarse a los cambios desde sus inicios, pasando de ser un restaurante puramente carn\u00edvoro hasta ofrecer tambi\u00e9n cocina mediterr\u00e1nea.<\/p>\n<p style=\"text-align: justify;\">De hecho, despu\u00e9s de tantos a\u00f1os <a href=\"http:\/\/www.restauranteelforo.com\/home\"><strong>El Foro<\/strong><\/a> ha sabido adaptarse a las <strong>nuevas tendencias gastron\u00f3micas<\/strong>, aprovechando siempre su localizaci\u00f3n para ofrecer <strong>productos de primera calidad<\/strong> y platos de comida de alrededor del mundo, ya sea un <strong>ceviche peruano<\/strong> o una <strong>lubina a la donostiarra<\/strong>. Y por supuesto, el caf\u00e9 que sirven tambi\u00e9n se rige por esta misma premisa. \u201cApostamos por <a href=\"http:\/\/www.cafesaula.com\/store\/es\/\"><strong>Caf\u00e9 Saula<\/strong><\/a> por la <strong>calidad de su caf\u00e9<\/strong> y el buen trato que nos ofrece la empresa\u201d, aseguran sus responsables.<\/p>\n<p style=\"text-align: justify;\">Con un sal\u00f3n principal con una capacidad de aproximadamente unas setenta personas, tambi\u00e9n cuenta con otros espacios para celebrar <strong>eventos y fiestas privadas<\/strong>, adem\u00e1s de contar con un <a href=\"http:\/\/www.restauranteelforo.com\/home\"><strong>calendario de conciertos y espect\u00e1culos<\/strong> <strong>en su web.<\/strong><\/a><\/p>\n<p style=\"text-align: justify;\">Y es que <a href=\"http:\/\/www.restauranteelforo.com\/home\"><strong>El Foro<\/strong><\/a> es mucho m\u00e1s que un restaurante. Estamos ante un espacio donde converge, como dice su lema, <strong>\u201cel arte, la gastronom\u00eda y la cultura\u201d<\/strong>, siempre teniendo muy en cuenta que no deja de ser un restaurante donde <strong>un buen servicio<\/strong> es el eje central de su filosof\u00eda diaria.<\/p>\n<p style=\"text-align: justify;\"><strong>M\u00e1s informaci\u00f3n:<\/strong> <a href=\"http:\/\/www.restauranteelforo.com\">www.restauranteelforo.com<\/a><\/p>\n<p><div id='gallery-1' class='gallery galleryid-1681 gallery-columns-3 gallery-size-full'><figure class='gallery-item'>\n\t\t\t<div class='gallery-icon landscape'>\n\t\t\t\t<a href='https:\/\/www.cafesaula.com\/blog\/restaurant-el-foro-art-gastronomia-i-cultura\/el-foro-1\/'><img loading=\"lazy\" decoding=\"async\" width=\"711\" height=\"406\" src=\"https:\/\/www.cafesaula.com\/blog\/wp-content\/uploads\/2017\/11\/el-foro-1.jpg\" class=\"attachment-full size-full\" alt=\"\" srcset=\"https:\/\/www.cafesaula.com\/blog\/wp-content\/uploads\/2017\/11\/el-foro-1.jpg 711w, https:\/\/www.cafesaula.com\/blog\/wp-content\/uploads\/2017\/11\/el-foro-1-315x180.jpg 315w, https:\/\/www.cafesaula.com\/blog\/wp-content\/uploads\/2017\/11\/el-foro-1-622x355.jpg 622w\" sizes=\"auto, (max-width: 711px) 100vw, 711px\" \/><\/a>\n\t\t\t<\/div><\/figure><figure class='gallery-item'>\n\t\t\t<div class='gallery-icon landscape'>\n\t\t\t\t<a href='https:\/\/www.cafesaula.com\/blog\/restaurant-el-foro-art-gastronomia-i-cultura\/el-foro-2\/'><img loading=\"lazy\" decoding=\"async\" width=\"711\" height=\"474\" src=\"https:\/\/www.cafesaula.com\/blog\/wp-content\/uploads\/2017\/11\/el-foro-2.jpg\" class=\"attachment-full size-full\" alt=\"\" srcset=\"https:\/\/www.cafesaula.com\/blog\/wp-content\/uploads\/2017\/11\/el-foro-2.jpg 711w, https:\/\/www.cafesaula.com\/blog\/wp-content\/uploads\/2017\/11\/el-foro-2-270x180.jpg 270w, https:\/\/www.cafesaula.com\/blog\/wp-content\/uploads\/2017\/11\/el-foro-2-533x355.jpg 533w\" sizes=\"auto, (max-width: 711px) 100vw, 711px\" \/><\/a>\n\t\t\t<\/div><\/figure><figure class='gallery-item'>\n\t\t\t<div class='gallery-icon landscape'>\n\t\t\t\t<a href='https:\/\/www.cafesaula.com\/blog\/restaurant-el-foro-art-gastronomia-i-cultura\/el-foro-3\/'><img loading=\"lazy\" decoding=\"async\" width=\"711\" height=\"474\" src=\"https:\/\/www.cafesaula.com\/blog\/wp-content\/uploads\/2017\/11\/el-foro-3.jpg\" class=\"attachment-full size-full\" alt=\"\" srcset=\"https:\/\/www.cafesaula.com\/blog\/wp-content\/uploads\/2017\/11\/el-foro-3.jpg 711w, https:\/\/www.cafesaula.com\/blog\/wp-content\/uploads\/2017\/11\/el-foro-3-270x180.jpg 270w, https:\/\/www.cafesaula.com\/blog\/wp-content\/uploads\/2017\/11\/el-foro-3-533x355.jpg 533w\" sizes=\"auto, (max-width: 711px) 100vw, 711px\" \/><\/a>\n\t\t\t<\/div><\/figure><figure class='gallery-item'>\n\t\t\t<div class='gallery-icon landscape'>\n\t\t\t\t<a href='https:\/\/www.cafesaula.com\/blog\/restaurant-el-foro-art-gastronomia-i-cultura\/el-foro-4\/'><img loading=\"lazy\" decoding=\"async\" width=\"711\" height=\"474\" src=\"https:\/\/www.cafesaula.com\/blog\/wp-content\/uploads\/2017\/11\/el-foro-4.jpg\" class=\"attachment-full size-full\" alt=\"\" srcset=\"https:\/\/www.cafesaula.com\/blog\/wp-content\/uploads\/2017\/11\/el-foro-4.jpg 711w, https:\/\/www.cafesaula.com\/blog\/wp-content\/uploads\/2017\/11\/el-foro-4-270x180.jpg 270w, https:\/\/www.cafesaula.com\/blog\/wp-content\/uploads\/2017\/11\/el-foro-4-533x355.jpg 533w\" sizes=\"auto, (max-width: 711px) 100vw, 711px\" \/><\/a>\n\t\t\t<\/div><\/figure>\n\t\t<\/div>\n<\/p>","protected":false},"excerpt":{"rendered":"<p>El restaurante argentino El Foro lleva m\u00e1s de 18 a\u00f1os sirviendo, como no pod\u00eda ser de otra manera, la mejor carne del mercado. Con su aspecto de bistr\u00f4t y una decoraci\u00f3n con mucho encanto, lo que realmente ha tra\u00eddo el \u00e9xito a este restaurante situado en el Born de Barcelona es su oferta y relaci\u00f3n&#8230;<\/p>\n","protected":false},"author":2,"featured_media":1682,"comment_status":"closed","ping_status":"closed","sticky":false,"template":"","format":"gallery","meta":{"footnotes":""},"categories":[93,164],"tags":[597,52,772,35,50,775,773,771,270,774],"class_list":["post-1681","post","type-post","status-publish","format-gallery","has-post-thumbnail","hentry","category-cafeterias","category-ritualers-2","tag-arte","tag-barcelona","tag-bistrot","tag-cafe-2","tag-cafe-saula","tag-cultura","tag-el-born","tag-el-foro","tag-gastronomia","tag-restaurante-argentino","post_format-post-format-gallery"],"_links":{"self":[{"href":"https:\/\/www.cafesaula.com\/blog\/wp-json\/wp\/v2\/posts\/1681","targetHints":{"allow":["GET"]}}],"collection":[{"href":"https:\/\/www.cafesaula.com\/blog\/wp-json\/wp\/v2\/posts"}],"about":[{"href":"https:\/\/www.cafesaula.com\/blog\/wp-json\/wp\/v2\/types\/post"}],"author":[{"embeddable":true,"href":"https:\/\/www.cafesaula.com\/blog\/wp-json\/wp\/v2\/users\/2"}],"replies":[{"embeddable":true,"href":"https:\/\/www.cafesaula.com\/blog\/wp-json\/wp\/v2\/comments?post=1681"}],"version-history":[{"count":2,"href":"https:\/\/www.cafesaula.com\/blog\/wp-json\/wp\/v2\/posts\/1681\/revisions"}],"predecessor-version":[{"id":1709,"href":"https:\/\/www.cafesaula.com\/blog\/wp-json\/wp\/v2\/posts\/1681\/revisions\/1709"}],"wp:featuredmedia":[{"embeddable":true,"href":"https:\/\/www.cafesaula.com\/blog\/wp-json\/wp\/v2\/media\/1682"}],"wp:attachment":[{"href":"https:\/\/www.cafesaula.com\/blog\/wp-json\/wp\/v2\/media?parent=1681"}],"wp:term":[{"taxonomy":"category","embeddable":true,"href":"https:\/\/www.cafesaula.com\/blog\/wp-json\/wp\/v2\/categories?post=1681"},{"taxonomy":"post_tag","embeddable":true,"href":"https:\/\/www.cafesaula.com\/blog\/wp-json\/wp\/v2\/tags?post=1681"}],"curies":[{"name":"wp","href":"https:\/\/api.w.org\/{rel}","templated":true}]}}