{"id":1815,"date":"2018-05-04T08:03:57","date_gmt":"2018-05-04T08:03:57","guid":{"rendered":"http:\/\/www.cafesaula.com\/blog\/?p=1815"},"modified":"2018-05-04T08:03:57","modified_gmt":"2018-05-04T08:03:57","slug":"celebrada-la-semifinal-del-ii-concurs-el-sommelier-del-cafe","status":"publish","type":"post","link":"https:\/\/www.cafesaula.com\/blog\/celebrada-la-semifinal-del-ii-concurs-el-sommelier-del-cafe\/","title":{"rendered":"Celebrada la semifinal del II concurso \u2018El sommelier del caf\u00e9\u2019"},"content":{"rendered":"<p><\/p>\n<p style=\"text-align: justify;\">El pasado 24 de abril se celebr\u00f3 en las instalaciones de la <a href=\"http:\/\/www.eshob.com\/\"><strong>Escuela de Hosteler\u00eda de Barcelona (ESHOB)<\/strong><\/a>\u00a0la semifinal de <strong>\u2018El\u00a0sommelier del caf\u00e9\u2019<\/strong>, un concurso creado por <strong><a href=\"http:\/\/www.cafesaula.com\/store\/es\/\">Caf\u00e9\u00a0Saula<\/a>\u00a0<\/strong>y que pretende difundir la cultura del caf\u00e9 a trav\u00e9s de la formaci\u00f3n continua.<\/p>\n<p style=\"text-align: justify;\">Igual que en la primera edici\u00f3n, en la semifinal se pidi\u00f3 que cada participante preparara tres\u00a0espressos, tres\u00a0cappuccinos\u00a0y una receta especial con base de caf\u00e9. Adem\u00e1s, cada candidato pod\u00eda escoger entre uno de los cuatro\u00a0blends\u00a0Premium\u00a0de <a href=\"http:\/\/www.cafesaula.com\/store\/es\/\"><strong>Caf\u00e9\u00a0Saula<\/strong><\/a>: el\u00a0<strong>Premium\u00a0Original<\/strong>,\u00a0<strong>Premium\u00a0Bourbon<\/strong>,\u00a0<strong>Premium Ecol\u00f3gico<\/strong> o\u00a0<strong>Dark\u00a0India<\/strong>.<\/p>\n<p style=\"text-align: justify;\">El jurado estuvo compuesto por un juez sensorial, un juez t\u00e9cnico y un juez l\u00edder, que se encargaron de valorar todo el proceso de preparaci\u00f3n y presentaci\u00f3n de las tazas de caf\u00e9.<\/p>\n<p style=\"text-align: justify;\">Finalmente, los <strong>siete finalistas<\/strong> que pasar\u00e1n a la gran final, que en esta ocasi\u00f3n se celebrar\u00e1 el pr\u00f3ximo <strong>5 de junio<\/strong> en las instalaciones de la\u00a0<a href=\"http:\/\/www.eshob.com\/\"><strong>ESHOB<\/strong><\/a>\u00a0son: <strong>Marcel Moreno<\/strong>,\u00a0<strong>Wilfry\u00a0Orozco<\/strong>, <strong>Ana\u00a0Balseca<\/strong>, <strong>Jordi Sol\u00e9<\/strong>, <strong>Joseph\u00a0Benzaquen<\/strong>, <strong>Claudia\u00a0Capilla\u00a0<\/strong>y <strong>Maria Salom<\/strong>.<br \/>\n<strong><br \/>\nDesde <a href=\"http:\/\/www.cafesaula.com\/store\/es\/\">Caf\u00e9\u00a0Saula<\/a>\u00a0queremos dar la enhorabuena a todos los participantes. Nos vemos en la gran final!<\/strong><\/p>\n<p><div id='gallery-1' class='gallery galleryid-1815 gallery-columns-3 gallery-size-full'><figure class='gallery-item'>\n\t\t\t<div class='gallery-icon landscape'>\n\t\t\t\t<a href='https:\/\/www.cafesaula.com\/blog\/celebrada-la-semifinal-del-ii-concurs-el-sommelier-del-cafe\/2018-04-26-photo-00000265\/'><img loading=\"lazy\" decoding=\"async\" width=\"711\" height=\"533\" src=\"https:\/\/www.cafesaula.com\/blog\/wp-content\/uploads\/2018\/05\/2018-04-26-PHOTO-00000265.jpg\" class=\"attachment-full size-full\" alt=\"\" srcset=\"https:\/\/www.cafesaula.com\/blog\/wp-content\/uploads\/2018\/05\/2018-04-26-PHOTO-00000265.jpg 711w, https:\/\/www.cafesaula.com\/blog\/wp-content\/uploads\/2018\/05\/2018-04-26-PHOTO-00000265-240x180.jpg 240w, https:\/\/www.cafesaula.com\/blog\/wp-content\/uploads\/2018\/05\/2018-04-26-PHOTO-00000265-474x355.jpg 474w\" sizes=\"auto, (max-width: 711px) 100vw, 711px\" \/><\/a>\n\t\t\t<\/div><\/figure><figure class='gallery-item'>\n\t\t\t<div class='gallery-icon landscape'>\n\t\t\t\t<a href='https:\/\/www.cafesaula.com\/blog\/celebrada-la-semifinal-del-ii-concurs-el-sommelier-del-cafe\/2018-04-26-photo-00000264\/'><img loading=\"lazy\" decoding=\"async\" width=\"711\" height=\"533\" src=\"https:\/\/www.cafesaula.com\/blog\/wp-content\/uploads\/2018\/05\/2018-04-26-PHOTO-00000264.jpg\" class=\"attachment-full size-full\" alt=\"\" srcset=\"https:\/\/www.cafesaula.com\/blog\/wp-content\/uploads\/2018\/05\/2018-04-26-PHOTO-00000264.jpg 711w, https:\/\/www.cafesaula.com\/blog\/wp-content\/uploads\/2018\/05\/2018-04-26-PHOTO-00000264-240x180.jpg 240w, https:\/\/www.cafesaula.com\/blog\/wp-content\/uploads\/2018\/05\/2018-04-26-PHOTO-00000264-474x355.jpg 474w\" sizes=\"auto, (max-width: 711px) 100vw, 711px\" \/><\/a>\n\t\t\t<\/div><\/figure><figure class='gallery-item'>\n\t\t\t<div class='gallery-icon landscape'>\n\t\t\t\t<a href='https:\/\/www.cafesaula.com\/blog\/celebrada-la-semifinal-del-ii-concurs-el-sommelier-del-cafe\/2018-04-26-photo-00000272\/'><img loading=\"lazy\" decoding=\"async\" width=\"711\" height=\"533\" src=\"https:\/\/www.cafesaula.com\/blog\/wp-content\/uploads\/2018\/05\/2018-04-26-PHOTO-00000272.jpg\" class=\"attachment-full size-full\" alt=\"\" srcset=\"https:\/\/www.cafesaula.com\/blog\/wp-content\/uploads\/2018\/05\/2018-04-26-PHOTO-00000272.jpg 711w, https:\/\/www.cafesaula.com\/blog\/wp-content\/uploads\/2018\/05\/2018-04-26-PHOTO-00000272-240x180.jpg 240w, https:\/\/www.cafesaula.com\/blog\/wp-content\/uploads\/2018\/05\/2018-04-26-PHOTO-00000272-474x355.jpg 474w\" sizes=\"auto, (max-width: 711px) 100vw, 711px\" \/><\/a>\n\t\t\t<\/div><\/figure><figure class='gallery-item'>\n\t\t\t<div class='gallery-icon landscape'>\n\t\t\t\t<a href='https:\/\/www.cafesaula.com\/blog\/celebrada-la-semifinal-del-ii-concurs-el-sommelier-del-cafe\/2018-04-26-photo-00000271\/'><img loading=\"lazy\" decoding=\"async\" width=\"711\" height=\"533\" src=\"https:\/\/www.cafesaula.com\/blog\/wp-content\/uploads\/2018\/05\/2018-04-26-PHOTO-00000271.jpg\" class=\"attachment-full size-full\" alt=\"\" srcset=\"https:\/\/www.cafesaula.com\/blog\/wp-content\/uploads\/2018\/05\/2018-04-26-PHOTO-00000271.jpg 711w, https:\/\/www.cafesaula.com\/blog\/wp-content\/uploads\/2018\/05\/2018-04-26-PHOTO-00000271-240x180.jpg 240w, https:\/\/www.cafesaula.com\/blog\/wp-content\/uploads\/2018\/05\/2018-04-26-PHOTO-00000271-474x355.jpg 474w\" sizes=\"auto, (max-width: 711px) 100vw, 711px\" \/><\/a>\n\t\t\t<\/div><\/figure>\n\t\t<\/div>\n<\/p>","protected":false},"excerpt":{"rendered":"<p>El pasado 24 de abril se celebr\u00f3 en las instalaciones de la Escuela de Hosteler\u00eda de Barcelona (ESHOB)\u00a0la semifinal de \u2018El\u00a0sommelier del caf\u00e9\u2019, un concurso creado por Caf\u00e9\u00a0Saula\u00a0y que pretende difundir la cultura del caf\u00e9 a trav\u00e9s de la formaci\u00f3n continua. Igual que en la primera edici\u00f3n, en la semifinal se pidi\u00f3 que cada participante&#8230;<\/p>\n","protected":false},"author":2,"featured_media":1819,"comment_status":"closed","ping_status":"closed","sticky":false,"template":"","format":"gallery","meta":{"footnotes":""},"categories":[2,61,365,164],"tags":[50,323,639,638,842,189,60,414],"class_list":["post-1815","post","type-post","status-publish","format-gallery","has-post-thumbnail","hentry","category-cafe","category-esdeveniments","category-novetats","category-ritualers-2","tag-cafe-saula","tag-cappuccino","tag-concurso","tag-el-sommelier-del-cafe","tag-escuela-de-hosteleria","tag-eshob","tag-espresso","tag-hosteleria","post_format-post-format-gallery"],"_links":{"self":[{"href":"https:\/\/www.cafesaula.com\/blog\/wp-json\/wp\/v2\/posts\/1815","targetHints":{"allow":["GET"]}}],"collection":[{"href":"https:\/\/www.cafesaula.com\/blog\/wp-json\/wp\/v2\/posts"}],"about":[{"href":"https:\/\/www.cafesaula.com\/blog\/wp-json\/wp\/v2\/types\/post"}],"author":[{"embeddable":true,"href":"https:\/\/www.cafesaula.com\/blog\/wp-json\/wp\/v2\/users\/2"}],"replies":[{"embeddable":true,"href":"https:\/\/www.cafesaula.com\/blog\/wp-json\/wp\/v2\/comments?post=1815"}],"version-history":[{"count":2,"href":"https:\/\/www.cafesaula.com\/blog\/wp-json\/wp\/v2\/posts\/1815\/revisions"}],"predecessor-version":[{"id":1821,"href":"https:\/\/www.cafesaula.com\/blog\/wp-json\/wp\/v2\/posts\/1815\/revisions\/1821"}],"wp:featuredmedia":[{"embeddable":true,"href":"https:\/\/www.cafesaula.com\/blog\/wp-json\/wp\/v2\/media\/1819"}],"wp:attachment":[{"href":"https:\/\/www.cafesaula.com\/blog\/wp-json\/wp\/v2\/media?parent=1815"}],"wp:term":[{"taxonomy":"category","embeddable":true,"href":"https:\/\/www.cafesaula.com\/blog\/wp-json\/wp\/v2\/categories?post=1815"},{"taxonomy":"post_tag","embeddable":true,"href":"https:\/\/www.cafesaula.com\/blog\/wp-json\/wp\/v2\/tags?post=1815"}],"curies":[{"name":"wp","href":"https:\/\/api.w.org\/{rel}","templated":true}]}}