{"id":1883,"date":"2018-07-18T14:32:18","date_gmt":"2018-07-18T14:32:18","guid":{"rendered":"http:\/\/www.cafesaula.com\/blog\/?p=1883"},"modified":"2018-06-29T14:35:19","modified_gmt":"2018-06-29T14:35:19","slug":"aquest-estiu-apren-a-fer-gelat-de-cafe-sense-maquina","status":"publish","type":"post","link":"https:\/\/www.cafesaula.com\/blog\/aquest-estiu-apren-a-fer-gelat-de-cafe-sense-maquina\/","title":{"rendered":"Este verano aprende a hacer helado de caf\u00e9 sin m\u00e1quina"},"content":{"rendered":"<p>En pleno verano a qui\u00e9n no le apetece combinar lo mejor del sabor del caf\u00e9 con el fr\u00edo refrescante de un buen helado. Por este motivo, hoy os ense\u00f1amos una <strong>receta casera <\/strong>muy f\u00e1cil de <strong>caf\u00e9 de helado<\/strong> que pod\u00e9is hacer en casa <strong>sin necesidad de m\u00e1quina<\/strong>.<\/p>\n<p><strong>Para empezar, necesitar\u00e9is:<\/strong><\/p>\n<p>2 cucharadas de <strong><a href=\"http:\/\/www.cafesaula.com\/store\/es\/\">Caf\u00e9 Saula<\/a><\/strong> molido<\/p>\n<p>2 cucharadas de agua<\/p>\n<p>2 tazas de crema para batir<\/p>\n<p>1 lata de leche condensada (397 gr.)<\/p>\n<p><strong>Elaboraci\u00f3n:<\/strong><\/p>\n<ol>\n<li>Bate la crema, que debe estar muy fr\u00eda, hasta que se vea muy espesa y forme picos.<\/li>\n<li>Mezcla el Caf\u00e9 Saula con el agua hasta que no queden grumos.<\/li>\n<li>Agrega la mezcla a un bol grande junto con la leche condensada. Mezcla bien.<\/li>\n<li>Agrega \u00bc de la crema batida y mezcla muy bien con el batidor. Agrega \u00bc m\u00e1s de la crema y m\u00e9zclala bien hasta que sea de textura ligera.<\/li>\n<li>Incorpora suavemente la crema restante, haci\u00e9ndolo de forma envolvente con una esp\u00e1tula. Para que sea m\u00e1s f\u00e1cil, hazlo por partes.<\/li>\n<li>Vac\u00eda la crema en un molde o recipiente.<\/li>\n<li>Congela el recipiente entre 8 y 10 horas, o d\u00e9jalo toda la noche.<\/li>\n<li>Guarda el helado en un recipiente con tapa en el congelador para que dure m\u00e1s tiempo.<\/li>\n<\/ol>\n<p><strong>*Importante:<\/strong> NO se puede cambiar la leche condensada ni la crema batida en esta receta. Estos dos ingredientes son los que hacen posible que se pueda hacer el helado sin m\u00e1quina.<\/p>\n<p><strong>\u00a1Esperamos que disfrut\u00e9is mucho de este helado de caf\u00e9!<\/strong><\/p>","protected":false},"excerpt":{"rendered":"<p>En pleno verano a qui\u00e9n no le apetece combinar lo mejor del sabor del caf\u00e9 con el fr\u00edo refrescante de un buen helado. Por este motivo, hoy os ense\u00f1amos una receta casera muy f\u00e1cil de caf\u00e9 de helado que pod\u00e9is hacer en casa sin necesidad de m\u00e1quina. Para empezar, necesitar\u00e9is: 2 cucharadas de Caf\u00e9 Saula&#8230;<\/p>\n","protected":false},"author":2,"featured_media":1884,"comment_status":"closed","ping_status":"closed","sticky":false,"template":"","format":"standard","meta":{"footnotes":""},"categories":[2,164],"tags":[35,50,868,867,869,178,227],"class_list":["post-1883","post","type-post","status-publish","format-standard","has-post-thumbnail","hentry","category-cafe","category-ritualers-2","tag-cafe-2","tag-cafe-saula","tag-gelat-cafe","tag-helado-cafe","tag-helado-sin-maquina","tag-recepta","tag-receta"],"_links":{"self":[{"href":"https:\/\/www.cafesaula.com\/blog\/wp-json\/wp\/v2\/posts\/1883","targetHints":{"allow":["GET"]}}],"collection":[{"href":"https:\/\/www.cafesaula.com\/blog\/wp-json\/wp\/v2\/posts"}],"about":[{"href":"https:\/\/www.cafesaula.com\/blog\/wp-json\/wp\/v2\/types\/post"}],"author":[{"embeddable":true,"href":"https:\/\/www.cafesaula.com\/blog\/wp-json\/wp\/v2\/users\/2"}],"replies":[{"embeddable":true,"href":"https:\/\/www.cafesaula.com\/blog\/wp-json\/wp\/v2\/comments?post=1883"}],"version-history":[{"count":1,"href":"https:\/\/www.cafesaula.com\/blog\/wp-json\/wp\/v2\/posts\/1883\/revisions"}],"predecessor-version":[{"id":1885,"href":"https:\/\/www.cafesaula.com\/blog\/wp-json\/wp\/v2\/posts\/1883\/revisions\/1885"}],"wp:featuredmedia":[{"embeddable":true,"href":"https:\/\/www.cafesaula.com\/blog\/wp-json\/wp\/v2\/media\/1884"}],"wp:attachment":[{"href":"https:\/\/www.cafesaula.com\/blog\/wp-json\/wp\/v2\/media?parent=1883"}],"wp:term":[{"taxonomy":"category","embeddable":true,"href":"https:\/\/www.cafesaula.com\/blog\/wp-json\/wp\/v2\/categories?post=1883"},{"taxonomy":"post_tag","embeddable":true,"href":"https:\/\/www.cafesaula.com\/blog\/wp-json\/wp\/v2\/tags?post=1883"}],"curies":[{"name":"wp","href":"https:\/\/api.w.org\/{rel}","templated":true}]}}