{"id":1902,"date":"2018-08-31T08:02:03","date_gmt":"2018-08-31T08:02:03","guid":{"rendered":"http:\/\/www.cafesaula.com\/blog\/?p=1902"},"modified":"2018-08-31T08:59:04","modified_gmt":"2018-08-31T08:59:04","slug":"el-cafe-es-un-bon-antidot-de-la-depressio-post-vacances","status":"publish","type":"post","link":"https:\/\/www.cafesaula.com\/blog\/el-cafe-es-un-bon-antidot-de-la-depressio-post-vacances\/","title":{"rendered":"El caf\u00e9 es un buen ant\u00eddoto de la depresi\u00f3n post-vacaciones"},"content":{"rendered":"<p>Las vacaciones de verano ya han terminado y otra vez volvemos a la rutina diaria. Es normal que este cambio de h\u00e1bitos tan brusco produzca en mucha gente la llamada <strong>depresi\u00f3n post-vacacional<\/strong>.<\/p>\n<p>Por suerte, conocemos un secreto que quiz\u00e1s os pueda ayudar a sobrellevar estos duros momentos: <strong>la cafe\u00edna tiene componentes antidepresivos<\/strong>. Esto se debe a que la cafe\u00edna influye en la liberaci\u00f3n de ciertos\u00a0neurotransmisores\u00a0como la\u00a0serotonina y la dopamina, que est\u00e1n muy ligadas al estado de \u00e1nimo.<\/p>\n<p>En otras palabras, el\u00a0<strong>principio activo de la cafe\u00edna\u00a0<\/strong>tiene un\u00a0efecto estimulante del sistema nervioso, con lo que tras su ingesta, las personas suelen sentirse con m\u00e1s energ\u00eda, m\u00e1s despiertas y con mayor\u00a0capacidad de atenci\u00f3n y concentraci\u00f3n.<\/p>\n<p>Unas caracter\u00edsticas que nos pueden venir muy bien en un momento como ahora, por lo que desde <strong><a href=\"http:\/\/www.cafesaula.com\/store\/es\/\">Caf\u00e9 Saula<\/a> <\/strong>os invitamos a sentaros tranquilamente a tomar un buen caf\u00e9 y\u2026\u00a1aprovechar todos sus beneficios!<\/p>","protected":false},"excerpt":{"rendered":"<p>Las vacaciones de verano ya han terminado y otra vez volvemos a la rutina diaria. Es normal que este cambio de h\u00e1bitos tan brusco produzca en mucha gente la llamada depresi\u00f3n post-vacacional. Por suerte, conocemos un secreto que quiz\u00e1s os pueda ayudar a sobrellevar estos duros momentos: la cafe\u00edna tiene componentes antidepresivos. Esto se debe&#8230;<\/p>\n","protected":false},"author":2,"featured_media":1903,"comment_status":"closed","ping_status":"closed","sticky":false,"template":"","format":"standard","meta":{"footnotes":""},"categories":[58,2,164],"tags":[35,50,108,574,873],"class_list":["post-1902","post","type-post","status-publish","format-standard","has-post-thumbnail","hentry","category-consejos","category-cafe","category-ritualers-2","tag-cafe-2","tag-cafe-saula","tag-cafeina","tag-depresion","tag-depresion-postvacacional"],"_links":{"self":[{"href":"https:\/\/www.cafesaula.com\/blog\/wp-json\/wp\/v2\/posts\/1902","targetHints":{"allow":["GET"]}}],"collection":[{"href":"https:\/\/www.cafesaula.com\/blog\/wp-json\/wp\/v2\/posts"}],"about":[{"href":"https:\/\/www.cafesaula.com\/blog\/wp-json\/wp\/v2\/types\/post"}],"author":[{"embeddable":true,"href":"https:\/\/www.cafesaula.com\/blog\/wp-json\/wp\/v2\/users\/2"}],"replies":[{"embeddable":true,"href":"https:\/\/www.cafesaula.com\/blog\/wp-json\/wp\/v2\/comments?post=1902"}],"version-history":[{"count":2,"href":"https:\/\/www.cafesaula.com\/blog\/wp-json\/wp\/v2\/posts\/1902\/revisions"}],"predecessor-version":[{"id":1909,"href":"https:\/\/www.cafesaula.com\/blog\/wp-json\/wp\/v2\/posts\/1902\/revisions\/1909"}],"wp:featuredmedia":[{"embeddable":true,"href":"https:\/\/www.cafesaula.com\/blog\/wp-json\/wp\/v2\/media\/1903"}],"wp:attachment":[{"href":"https:\/\/www.cafesaula.com\/blog\/wp-json\/wp\/v2\/media?parent=1902"}],"wp:term":[{"taxonomy":"category","embeddable":true,"href":"https:\/\/www.cafesaula.com\/blog\/wp-json\/wp\/v2\/categories?post=1902"},{"taxonomy":"post_tag","embeddable":true,"href":"https:\/\/www.cafesaula.com\/blog\/wp-json\/wp\/v2\/tags?post=1902"}],"curies":[{"name":"wp","href":"https:\/\/api.w.org\/{rel}","templated":true}]}}