{"id":1938,"date":"2018-10-26T07:51:57","date_gmt":"2018-10-26T07:51:57","guid":{"rendered":"http:\/\/www.cafesaula.com\/blog\/?p=1938"},"modified":"2018-10-26T07:51:57","modified_gmt":"2018-10-26T07:51:57","slug":"el-cafe-element-imprescindible-de-molts-escriptors","status":"publish","type":"post","link":"https:\/\/www.cafesaula.com\/blog\/el-cafe-element-imprescindible-de-molts-escriptors\/","title":{"rendered":"El caf\u00e9, elemento imprescindible de muchos escritores"},"content":{"rendered":"<p>Durante d\u00e9cadas el caf\u00e9 ha sido una de les bebidas m\u00e1s apreciadas y necesitadas por todo tipo de artistas, sobretodo escritores. Prueba de ello nos quedan numerosas citas que autores de renombre nos dejaron refiri\u00e9ndose a su necesidad de tomar caf\u00e9 para crear. Os dejamos algunas de ellas:<\/p>\n<p><em>\u201cUna buena taza de su negro licor, bien preparado, contiene tantos problemas y tantos poemas como una botella de tinta.\u201d<\/em> <strong>(Rub\u00e9n Dar\u00edo)<\/strong><\/p>\n<p><em>\u201cCu\u00e1ntas veces hemos tomado un caf\u00e9 que sabe a ventana, un pan que sabe a ba\u00fal, un arroz que sabe a dep\u00f3sito, una copa que sabe a rinc\u00f3n\u201d.<\/em> <strong>(Gabriel Garc\u00eda M\u00e1rquez)<\/strong><\/p>\n<p><em>\u201cYo he medido mi vida en cucharitas del caf\u00e9.\u201d<\/em> <strong>(T. S. Eliot)<\/strong><\/p>\n<p><em>\u201cNo puedo pensar a menos que est\u00e9 acostado, ya sea en la cama o en un div\u00e1n y con un cigarrillo y caf\u00e9 a la mano. Tengo que estar chupando y sorbiendo. A medida que avanza la tarde, cambio de caf\u00e9 a t\u00e9 de menta y de jerez a martinis.\u201d<\/em> <strong>(Truman Capote)<\/strong><\/p>","protected":false},"excerpt":{"rendered":"<p>Durante d\u00e9cadas el caf\u00e9 ha sido una de les bebidas m\u00e1s apreciadas y necesitadas por todo tipo de artistas, sobretodo escritores. Prueba de ello nos quedan numerosas citas que autores de renombre nos dejaron refiri\u00e9ndose a su necesidad de tomar caf\u00e9 para crear. Os dejamos algunas de ellas: \u201cUna buena taza de su negro licor,&#8230;<\/p>\n","protected":false},"author":2,"featured_media":1939,"comment_status":"closed","ping_status":"closed","sticky":false,"template":"","format":"standard","meta":{"footnotes":""},"categories":[2,49,164],"tags":[891,35,50,893,892,499,577,155],"class_list":["post-1938","post","type-post","status-publish","format-standard","has-post-thumbnail","hentry","category-cafe","category-historia","category-ritualers-2","tag-artistas","tag-cafe-2","tag-cafe-saula","tag-citas-famosas","tag-escribir","tag-escritores","tag-inspiracion","tag-ritualers"],"_links":{"self":[{"href":"https:\/\/www.cafesaula.com\/blog\/wp-json\/wp\/v2\/posts\/1938","targetHints":{"allow":["GET"]}}],"collection":[{"href":"https:\/\/www.cafesaula.com\/blog\/wp-json\/wp\/v2\/posts"}],"about":[{"href":"https:\/\/www.cafesaula.com\/blog\/wp-json\/wp\/v2\/types\/post"}],"author":[{"embeddable":true,"href":"https:\/\/www.cafesaula.com\/blog\/wp-json\/wp\/v2\/users\/2"}],"replies":[{"embeddable":true,"href":"https:\/\/www.cafesaula.com\/blog\/wp-json\/wp\/v2\/comments?post=1938"}],"version-history":[{"count":2,"href":"https:\/\/www.cafesaula.com\/blog\/wp-json\/wp\/v2\/posts\/1938\/revisions"}],"predecessor-version":[{"id":1941,"href":"https:\/\/www.cafesaula.com\/blog\/wp-json\/wp\/v2\/posts\/1938\/revisions\/1941"}],"wp:featuredmedia":[{"embeddable":true,"href":"https:\/\/www.cafesaula.com\/blog\/wp-json\/wp\/v2\/media\/1939"}],"wp:attachment":[{"href":"https:\/\/www.cafesaula.com\/blog\/wp-json\/wp\/v2\/media?parent=1938"}],"wp:term":[{"taxonomy":"category","embeddable":true,"href":"https:\/\/www.cafesaula.com\/blog\/wp-json\/wp\/v2\/categories?post=1938"},{"taxonomy":"post_tag","embeddable":true,"href":"https:\/\/www.cafesaula.com\/blog\/wp-json\/wp\/v2\/tags?post=1938"}],"curies":[{"name":"wp","href":"https:\/\/api.w.org\/{rel}","templated":true}]}}