{"id":1992,"date":"2019-01-25T11:50:45","date_gmt":"2019-01-25T11:50:45","guid":{"rendered":"http:\/\/www.cafesaula.com\/blog\/?p=1992"},"modified":"2019-01-25T11:50:45","modified_gmt":"2019-01-25T11:50:45","slug":"descobreix-les-capsules-compatibles-de-cafe-saula-premium-original","status":"publish","type":"post","link":"https:\/\/www.cafesaula.com\/blog\/descobreix-les-capsules-compatibles-de-cafe-saula-premium-original\/","title":{"rendered":"Descubre las c\u00e1psulas compatibles de Caf\u00e9 Saula Premium Original"},"content":{"rendered":"<p>En <strong>Caf\u00e9 Saula<\/strong> hemos iniciado el a\u00f1o con una de las novedades m\u00e1s esperadas: nuestras nuevas <strong>c\u00e1psulas compatibles con m\u00e1quinas Nespresso<\/strong>. Unas c\u00e1psulas que conservan todo su aroma y sabor gracias a su especial tueste lento y natural de 17 minutos y su envase en\u00a0atm\u00f3sfera\u00a0protectora.<\/p>\n<p>Una de las variedades de c\u00e1psulas que ya se pueden encontrar en algunos supermercados y en nuestra<strong> tienda online<\/strong> es la que contiene nuestra f\u00f3rmula original: el <strong><a href=\"http:\/\/www.cafesaula.com\/store\/es\/cafe-en-capsulas\/88-capsulas-premium-ecologico-compatibles-nespresso-8411577381300\">Caf\u00e9 Saula Premium Original<\/a><\/strong>. Se trata de una mezcla de caf\u00e9s de plantaciones seleccionadas que tienen como resultado un caf\u00e9 arom\u00e1tico, de sabor intenso, con cuerpo y una fina acidez. En definitiva, una taza dulce, achocolatada y con crema persistente.<\/p>\n<p><strong><a href=\"http:\/\/www.cafesaula.com\/store\/es\/cafe-en-capsulas\/88-capsulas-premium-ecologico-compatibles-nespresso-8411577381300\">\u00a1Desc\u00fabrelo en nuestra tienda online!<\/a><\/strong><\/p>","protected":false},"excerpt":{"rendered":"<p>En Caf\u00e9 Saula hemos iniciado el a\u00f1o con una de las novedades m\u00e1s esperadas: nuestras nuevas c\u00e1psulas compatibles con m\u00e1quinas Nespresso. Unas c\u00e1psulas que conservan todo su aroma y sabor gracias a su especial tueste lento y natural de 17 minutos y su envase en\u00a0atm\u00f3sfera\u00a0protectora. Una de las variedades de c\u00e1psulas que ya se pueden&#8230;<\/p>\n","protected":false},"author":2,"featured_media":1993,"comment_status":"closed","ping_status":"closed","sticky":false,"template":"","format":"standard","meta":{"footnotes":""},"categories":[2,365,164],"tags":[35,50,916,917,66,271],"class_list":["post-1992","post","type-post","status-publish","format-standard","has-post-thumbnail","hentry","category-cafe","category-novetats","category-ritualers-2","tag-cafe-2","tag-cafe-saula","tag-capsulas-compatibles","tag-nespresso","tag-premium","tag-premium-original"],"_links":{"self":[{"href":"https:\/\/www.cafesaula.com\/blog\/wp-json\/wp\/v2\/posts\/1992","targetHints":{"allow":["GET"]}}],"collection":[{"href":"https:\/\/www.cafesaula.com\/blog\/wp-json\/wp\/v2\/posts"}],"about":[{"href":"https:\/\/www.cafesaula.com\/blog\/wp-json\/wp\/v2\/types\/post"}],"author":[{"embeddable":true,"href":"https:\/\/www.cafesaula.com\/blog\/wp-json\/wp\/v2\/users\/2"}],"replies":[{"embeddable":true,"href":"https:\/\/www.cafesaula.com\/blog\/wp-json\/wp\/v2\/comments?post=1992"}],"version-history":[{"count":2,"href":"https:\/\/www.cafesaula.com\/blog\/wp-json\/wp\/v2\/posts\/1992\/revisions"}],"predecessor-version":[{"id":1995,"href":"https:\/\/www.cafesaula.com\/blog\/wp-json\/wp\/v2\/posts\/1992\/revisions\/1995"}],"wp:featuredmedia":[{"embeddable":true,"href":"https:\/\/www.cafesaula.com\/blog\/wp-json\/wp\/v2\/media\/1993"}],"wp:attachment":[{"href":"https:\/\/www.cafesaula.com\/blog\/wp-json\/wp\/v2\/media?parent=1992"}],"wp:term":[{"taxonomy":"category","embeddable":true,"href":"https:\/\/www.cafesaula.com\/blog\/wp-json\/wp\/v2\/categories?post=1992"},{"taxonomy":"post_tag","embeddable":true,"href":"https:\/\/www.cafesaula.com\/blog\/wp-json\/wp\/v2\/tags?post=1992"}],"curies":[{"name":"wp","href":"https:\/\/api.w.org\/{rel}","templated":true}]}}