{"id":2306,"date":"2020-05-28T08:57:24","date_gmt":"2020-05-28T08:57:24","guid":{"rendered":"https:\/\/www.cafesaula.com\/blog\/?p=2306"},"modified":"2020-05-28T08:57:24","modified_gmt":"2020-05-28T08:57:24","slug":"cafe-saula-se-suma-a-la-campanya-cafe-torrat-a-catalunya","status":"publish","type":"post","link":"https:\/\/www.cafesaula.com\/blog\/cafe-saula-se-suma-a-la-campanya-cafe-torrat-a-catalunya\/","title":{"rendered":"Caf\u00e9 Saula se suma a la campa\u00f1a \u2018Caf\u00e9 Tostado en Catalu\u00f1a\u2019"},"content":{"rendered":"<p>El <strong>Gremio del Caf\u00e9, tostadores de Caf\u00e9 de Catalu\u00f1a<\/strong>\u00a0acaba de iniciar una nueva campa\u00f1a para reivindicar el papel en la industria catalana, as\u00ed como los beneficios de consumir <strong>productos de proximidad<\/strong>, bajo el lema: <a href=\"https:\/\/gremicafe.cat\/2020\/05\/26\/el-gremi-del-cafe-torradors-de-catalunya-llanca-la-campanya-cafe-torrat-a-catalunya-per-reivindicar-el-cafe-acabat-de-torrar-com-un-producte-de-proximitat\/\"><strong>\u201cCaf\u00e9 tostado en Catalu\u00f1a, caf\u00e9 de proximidad\u201d<\/strong>.<\/a><\/p>\n<p>La campa\u00f1a tiene como principal objetivo poner de manifiesto la i<strong>mportancia y los beneficios de consumir un producto de proximidad<\/strong> y dar a conocer los diferentes <strong>canales de venta al p\u00fablico<\/strong>; tiendas online, pedidos por tel\u00e9fono o correo electr\u00f3nico y los establecimientos de venta al p\u00fablico; tiendas propias de las empresas del Gremio, hipermercados, supermercados,\u00a0Cash\u00a0&amp;\u00a0Carry, tiendas de alimentaci\u00f3n, y tiendas especializadas en productos de proximidad.<\/p>\n<p>Las <strong>23 empresas que forman parte del gremio<\/strong>, que tuestan el caf\u00e9 en Catalu\u00f1a para garantizar una m\u00e1xima calidad en el producto; \u201cla m\u00ednima distancia y tiempo entre el caf\u00e9 acabado de tostar y que \u00e9ste sea vendido a los consumidores, garantiza que el consumidor final disfrute de una calidad mucho m\u00e1s elevada\u201d comenta el <strong>director del Gremio y director de Caf\u00e9\u00a0Saula, Llu\u00eds\u00a0Saula<\/strong>.<\/p>\n<p>Otros beneficios importantes de comprar el caf\u00e9 de proximidad, adem\u00e1s del alta calidad, son la de proteger la industria catalana y sus trabajadores y <strong>reducir el impacto medioambiental a trav\u00e9s del ahorro del transporte y energ\u00eda<\/strong>. En definitiva, consumir el caf\u00e9 tostado en Catalu\u00f1a, es <strong>consumir con seguridad.<\/strong><\/p>\n<p>&nbsp;<\/p>","protected":false},"excerpt":{"rendered":"<p>El Gremio del Caf\u00e9, tostadores de Caf\u00e9 de Catalu\u00f1a\u00a0acaba de iniciar una nueva campa\u00f1a para reivindicar el papel en la industria catalana, as\u00ed como los beneficios de consumir productos de proximidad, bajo el lema: \u201cCaf\u00e9 tostado en Catalu\u00f1a, caf\u00e9 de proximidad\u201d. La campa\u00f1a tiene como principal objetivo poner de manifiesto la importancia y los beneficios&#8230;<\/p>\n","protected":false},"author":2,"featured_media":2307,"comment_status":"closed","ping_status":"closed","sticky":false,"template":"","format":"standard","meta":{"footnotes":""},"categories":[2,365],"tags":[1000,940],"class_list":["post-2306","post","type-post","status-publish","format-standard","has-post-thumbnail","hentry","category-cafe","category-novetats","tag-cafe-torrat-a-catalunya","tag-gremi-cafe"],"_links":{"self":[{"href":"https:\/\/www.cafesaula.com\/blog\/wp-json\/wp\/v2\/posts\/2306","targetHints":{"allow":["GET"]}}],"collection":[{"href":"https:\/\/www.cafesaula.com\/blog\/wp-json\/wp\/v2\/posts"}],"about":[{"href":"https:\/\/www.cafesaula.com\/blog\/wp-json\/wp\/v2\/types\/post"}],"author":[{"embeddable":true,"href":"https:\/\/www.cafesaula.com\/blog\/wp-json\/wp\/v2\/users\/2"}],"replies":[{"embeddable":true,"href":"https:\/\/www.cafesaula.com\/blog\/wp-json\/wp\/v2\/comments?post=2306"}],"version-history":[{"count":1,"href":"https:\/\/www.cafesaula.com\/blog\/wp-json\/wp\/v2\/posts\/2306\/revisions"}],"predecessor-version":[{"id":2308,"href":"https:\/\/www.cafesaula.com\/blog\/wp-json\/wp\/v2\/posts\/2306\/revisions\/2308"}],"wp:featuredmedia":[{"embeddable":true,"href":"https:\/\/www.cafesaula.com\/blog\/wp-json\/wp\/v2\/media\/2307"}],"wp:attachment":[{"href":"https:\/\/www.cafesaula.com\/blog\/wp-json\/wp\/v2\/media?parent=2306"}],"wp:term":[{"taxonomy":"category","embeddable":true,"href":"https:\/\/www.cafesaula.com\/blog\/wp-json\/wp\/v2\/categories?post=2306"},{"taxonomy":"post_tag","embeddable":true,"href":"https:\/\/www.cafesaula.com\/blog\/wp-json\/wp\/v2\/tags?post=2306"}],"curies":[{"name":"wp","href":"https:\/\/api.w.org\/{rel}","templated":true}]}}