{"id":2432,"date":"2020-12-24T07:52:57","date_gmt":"2020-12-24T07:52:57","guid":{"rendered":"https:\/\/www.cafesaula.com\/blog\/?p=2432"},"modified":"2020-12-24T07:52:57","modified_gmt":"2020-12-24T07:52:57","slug":"des-de-cafe-saula-us-desitgem-un-bon-nadal-i-un-premium-2021","status":"publish","type":"post","link":"https:\/\/www.cafesaula.com\/blog\/des-de-cafe-saula-us-desitgem-un-bon-nadal-i-un-premium-2021\/","title":{"rendered":"Desde Caf\u00e9 Saula os deseamos una Feliz Navidad y un Premium 2021"},"content":{"rendered":"<p>Este ha sido un a\u00f1o muy intenso por muchos motivos. Un a\u00f1o lleno de cambios y de incertidumbre, sobretodo en el sector de la restauraci\u00f3n y la hosteler\u00eda. Por esto, desde <a href=\"https:\/\/www.cafesaula.com\/\"><strong>Caf\u00e9 Saula<\/strong><\/a> queremos enviar un mensaje de apoyo y solidaridad a todo el sector y, tambi\u00e9n, a toda la sociedad.<\/p>\n<p>Confiamos en que este 2021 llegar\u00e1 con muchos m\u00e1s momentos de esperanza, salud y recuperaci\u00f3n. Nuestro mayor deseo es que muy pronto todos podamos volver a disfrutar de nuestros locales favoritos con la familia y amigos y junto a un buen caf\u00e9.<\/p>\n<p><strong>\u00a1Desde Caf\u00e9 Saula os deseamos unas Felices Fiestas y un Pr\u00f3spero 2021! \u00a1Todo ir\u00e1 bien!<\/strong><\/p>","protected":false},"excerpt":{"rendered":"<p>Este ha sido un a\u00f1o muy intenso por muchos motivos. Un a\u00f1o lleno de cambios y de incertidumbre, sobretodo en el sector de la restauraci\u00f3n y la hosteler\u00eda. Por esto, desde Caf\u00e9 Saula queremos enviar un mensaje de apoyo y solidaridad a todo el sector y, tambi\u00e9n, a toda la sociedad. Confiamos en que este&#8230;<\/p>\n","protected":false},"author":2,"featured_media":2434,"comment_status":"closed","ping_status":"closed","sticky":false,"template":"","format":"standard","meta":{"footnotes":""},"categories":[49],"tags":[1021,1022,381,1020],"class_list":["post-2432","post","type-post","status-publish","format-standard","has-post-thumbnail","hentry","category-historia","tag-1021","tag-1022","tag-bon-nadal","tag-feliz-navidad"],"_links":{"self":[{"href":"https:\/\/www.cafesaula.com\/blog\/wp-json\/wp\/v2\/posts\/2432","targetHints":{"allow":["GET"]}}],"collection":[{"href":"https:\/\/www.cafesaula.com\/blog\/wp-json\/wp\/v2\/posts"}],"about":[{"href":"https:\/\/www.cafesaula.com\/blog\/wp-json\/wp\/v2\/types\/post"}],"author":[{"embeddable":true,"href":"https:\/\/www.cafesaula.com\/blog\/wp-json\/wp\/v2\/users\/2"}],"replies":[{"embeddable":true,"href":"https:\/\/www.cafesaula.com\/blog\/wp-json\/wp\/v2\/comments?post=2432"}],"version-history":[{"count":1,"href":"https:\/\/www.cafesaula.com\/blog\/wp-json\/wp\/v2\/posts\/2432\/revisions"}],"predecessor-version":[{"id":2433,"href":"https:\/\/www.cafesaula.com\/blog\/wp-json\/wp\/v2\/posts\/2432\/revisions\/2433"}],"wp:featuredmedia":[{"embeddable":true,"href":"https:\/\/www.cafesaula.com\/blog\/wp-json\/wp\/v2\/media\/2434"}],"wp:attachment":[{"href":"https:\/\/www.cafesaula.com\/blog\/wp-json\/wp\/v2\/media?parent=2432"}],"wp:term":[{"taxonomy":"category","embeddable":true,"href":"https:\/\/www.cafesaula.com\/blog\/wp-json\/wp\/v2\/categories?post=2432"},{"taxonomy":"post_tag","embeddable":true,"href":"https:\/\/www.cafesaula.com\/blog\/wp-json\/wp\/v2\/tags?post=2432"}],"curies":[{"name":"wp","href":"https:\/\/api.w.org\/{rel}","templated":true}]}}