{"id":2526,"date":"2021-04-22T09:57:40","date_gmt":"2021-04-22T09:57:40","guid":{"rendered":"https:\/\/www.cafesaula.com\/blog\/?p=2526"},"modified":"2021-04-22T09:57:40","modified_gmt":"2021-04-22T09:57:40","slug":"dia-de-la-tierra-ideas-creativas-para-reutilizar-las-latas-de-aluminio","status":"publish","type":"post","link":"https:\/\/www.cafesaula.com\/blog\/dia-de-la-tierra-ideas-creativas-para-reutilizar-las-latas-de-aluminio\/","title":{"rendered":"D\u00eda de la Tierra: Ideas creativas para reutilizar las latas de aluminio"},"content":{"rendered":"<p>En <a href=\"https:\/\/www.cafesaula.com\/\"><strong>Caf\u00e9 Saula<\/strong><\/a> tambi\u00e9n nos unimos a la celebraci\u00f3n del <strong>D\u00eda de la Tierra<\/strong>, porque ya hace tiempo que somos conscientes de la importancia de cuidar del <strong>medio ambiente<\/strong> y de nuestro planeta.<\/p>\n<p>Durante estos \u00faltimos a\u00f1os hemos apostado por ofrecer nuestros productos en <strong>envases reciclables<\/strong> y lo m\u00e1s org\u00e1nicos posible. Prueba de ello son nuestras <strong>latas y tapas met\u00e1licas<\/strong>, que pueden ir al contenedor amarillo, as\u00ed como nuestras <a href=\"https:\/\/www.cafesaula.com\/store\/es\/cafe-en-capsulas\/127-capsulas-compostables-cafe-original-compatibles-nespresso\"><strong>c\u00e1psulas de caf\u00e9 completamente compostables<\/strong><\/a>.<\/p>\n<p>Aunque son productos que se pueden reciclar en los contenedores, son muchas las personas que nos preguntan <strong>c\u00f3mo pueden reutilizar nuestras latas de caf\u00e9<\/strong> para aprovechar su <strong>exclusivo dise\u00f1o<\/strong>. As\u00ed que hoy os daremos algunas ideas, muchas de las cuales nos las han ofrecido nuestros seguidores de Instagram con el hashtag <strong>#reutilizatulata<\/strong>:<\/p>\n<p><strong>Macetero:<\/strong> Una de las ideas m\u00e1s populares es la de utilizar las lata de Caf\u00e9 Saula como macetero o florero para plantas. Sin duda, es una buena manera de dar un toque de color y originalidad a vuestros balcones y terrazas.<\/p>\n<p><strong>L\u00e1mparas:<\/strong> Desde hacer una l\u00e1mpara grande de interior hasta peque\u00f1as lamparillas para la terraza, utilizar las latas de caf\u00e9 para dar iluminaci\u00f3n a tu hogar siempre va a sorprender a todos tus invitados. Incluso se puede rellenar con cera y crear una vela.<\/p>\n<p><img loading=\"lazy\" decoding=\"async\" class=\"size-large wp-image-2529 aligncenter\" src=\"https:\/\/www.cafesaula.com\/blog\/wp-content\/uploads\/2021\/04\/1-354x355.png\" alt=\"1\" width=\"354\" height=\"355\" srcset=\"https:\/\/www.cafesaula.com\/blog\/wp-content\/uploads\/2021\/04\/1-354x355.png 354w, https:\/\/www.cafesaula.com\/blog\/wp-content\/uploads\/2021\/04\/1-179x180.png 179w, https:\/\/www.cafesaula.com\/blog\/wp-content\/uploads\/2021\/04\/1.png 711w\" sizes=\"auto, (max-width: 354px) 100vw, 354px\" \/><\/p>\n<p><strong>Utensilios de cocina:<\/strong> Ya sea para guardar la pasta, las legumbres, el arroz o las galletas, as\u00ed como para poner los cubiertos o los utensilios de cocina, las latas de caf\u00e9 siempre pueden resultar \u00fatiles y muy originales para tu cocina. \u00a1Hasta se puede crear una estanter\u00eda para vinos!<\/p>\n<p><strong>Juguetes de los ni\u00f1os:<\/strong> Hay quien guarda los peque\u00f1os juguetes y tesoros de los ni\u00f1os en las latas como una forma de almacenaje que ayuda a mantener ordenada su habitaci\u00f3n. \u00a1Incluso se puede rellenar una lata con peque\u00f1as piedrecitas y utilizarla de sonajero!<\/p>\n<p><img loading=\"lazy\" decoding=\"async\" class=\"alignnone size-large wp-image-2532 aligncenter\" src=\"https:\/\/www.cafesaula.com\/blog\/wp-content\/uploads\/2021\/04\/5c433005-cf8a-46ac-8bfa-894405e01a2c-329x355.jpg\" alt=\"5c433005-cf8a-46ac-8bfa-894405e01a2c\" width=\"329\" height=\"355\" srcset=\"https:\/\/www.cafesaula.com\/blog\/wp-content\/uploads\/2021\/04\/5c433005-cf8a-46ac-8bfa-894405e01a2c-329x355.jpg 329w, https:\/\/www.cafesaula.com\/blog\/wp-content\/uploads\/2021\/04\/5c433005-cf8a-46ac-8bfa-894405e01a2c-167x180.jpg 167w, https:\/\/www.cafesaula.com\/blog\/wp-content\/uploads\/2021\/04\/5c433005-cf8a-46ac-8bfa-894405e01a2c.jpg 711w\" sizes=\"auto, (max-width: 329px) 100vw, 329px\" \/><\/p>\n<p><strong>Despacho:<\/strong> \u00bfQu\u00e9 tal si guardas tus l\u00e1pices, bol\u00edgrafos, reglas o incluso broches y pinceles de pintura en la lata de caf\u00e9?<\/p>\n<p><strong>Hucha:<\/strong> Con un peque\u00f1o corte en la parte superior de la lata se puede crear en un momento una hucha donde poder ir ahorrando para tu pr\u00f3ximo viaje o sue\u00f1o a conseguir.<\/p>\n<p><strong>Bricolaje:<\/strong> Tornillos y toda clase de herramientas de bricolaje se pueden almacenar en las latas de caf\u00e9. El l\u00edmite lo pones tu.<\/p>\n<p><img loading=\"lazy\" decoding=\"async\" class=\"size-large wp-image-2530 aligncenter\" src=\"https:\/\/www.cafesaula.com\/blog\/wp-content\/uploads\/2021\/04\/77341105-ff78-42a4-b227-61695ed4943f-421x355.jpg\" alt=\"77341105-ff78-42a4-b227-61695ed4943f\" width=\"421\" height=\"355\" srcset=\"https:\/\/www.cafesaula.com\/blog\/wp-content\/uploads\/2021\/04\/77341105-ff78-42a4-b227-61695ed4943f-421x355.jpg 421w, https:\/\/www.cafesaula.com\/blog\/wp-content\/uploads\/2021\/04\/77341105-ff78-42a4-b227-61695ed4943f-213x180.jpg 213w, https:\/\/www.cafesaula.com\/blog\/wp-content\/uploads\/2021\/04\/77341105-ff78-42a4-b227-61695ed4943f.jpg 711w\" sizes=\"auto, (max-width: 421px) 100vw, 421px\" \/><\/p>\n<p><strong>Para regalar:<\/strong> De la misma forma que puedes utilizar las latas de Caf\u00e9 Saula para decorar y organizar tu hogar, seguro que con ellas puedes hacer muchos regalos originales para tus amigos y familiares. \u00a1Todo es cuesti\u00f3n de imaginaci\u00f3n!<\/p>\n<p><img loading=\"lazy\" decoding=\"async\" class=\"size-large wp-image-2531 aligncenter\" src=\"https:\/\/www.cafesaula.com\/blog\/wp-content\/uploads\/2021\/04\/eb3bd588-df47-4e5d-9380-5e692e4ed7b8-343x355.jpg\" alt=\"eb3bd588-df47-4e5d-9380-5e692e4ed7b8\" width=\"343\" height=\"355\" srcset=\"https:\/\/www.cafesaula.com\/blog\/wp-content\/uploads\/2021\/04\/eb3bd588-df47-4e5d-9380-5e692e4ed7b8-343x355.jpg 343w, https:\/\/www.cafesaula.com\/blog\/wp-content\/uploads\/2021\/04\/eb3bd588-df47-4e5d-9380-5e692e4ed7b8-174x180.jpg 174w, https:\/\/www.cafesaula.com\/blog\/wp-content\/uploads\/2021\/04\/eb3bd588-df47-4e5d-9380-5e692e4ed7b8.jpg 711w\" sizes=\"auto, (max-width: 343px) 100vw, 343px\" \/><\/p>","protected":false},"excerpt":{"rendered":"<p>En Caf\u00e9 Saula tambi\u00e9n nos unimos a la celebraci\u00f3n del D\u00eda de la Tierra, porque ya hace tiempo que somos conscientes de la importancia de cuidar del medio ambiente y de nuestro planeta. Durante estos \u00faltimos a\u00f1os hemos apostado por ofrecer nuestros productos en envases reciclables y lo m\u00e1s org\u00e1nicos posible. Prueba de ello son&#8230;<\/p>\n","protected":false},"author":2,"featured_media":2528,"comment_status":"closed","ping_status":"closed","sticky":false,"template":"","format":"standard","meta":{"footnotes":""},"categories":[164,1,1032],"tags":[584,580,583],"class_list":["post-2526","post","type-post","status-publish","format-standard","has-post-thumbnail","hentry","category-ritualers-2","category-sin-categoria","category-reutiliza-con-saula","tag-medio-ambiente","tag-reciclar","tag-reutilizar"],"_links":{"self":[{"href":"https:\/\/www.cafesaula.com\/blog\/wp-json\/wp\/v2\/posts\/2526","targetHints":{"allow":["GET"]}}],"collection":[{"href":"https:\/\/www.cafesaula.com\/blog\/wp-json\/wp\/v2\/posts"}],"about":[{"href":"https:\/\/www.cafesaula.com\/blog\/wp-json\/wp\/v2\/types\/post"}],"author":[{"embeddable":true,"href":"https:\/\/www.cafesaula.com\/blog\/wp-json\/wp\/v2\/users\/2"}],"replies":[{"embeddable":true,"href":"https:\/\/www.cafesaula.com\/blog\/wp-json\/wp\/v2\/comments?post=2526"}],"version-history":[{"count":3,"href":"https:\/\/www.cafesaula.com\/blog\/wp-json\/wp\/v2\/posts\/2526\/revisions"}],"predecessor-version":[{"id":2535,"href":"https:\/\/www.cafesaula.com\/blog\/wp-json\/wp\/v2\/posts\/2526\/revisions\/2535"}],"wp:featuredmedia":[{"embeddable":true,"href":"https:\/\/www.cafesaula.com\/blog\/wp-json\/wp\/v2\/media\/2528"}],"wp:attachment":[{"href":"https:\/\/www.cafesaula.com\/blog\/wp-json\/wp\/v2\/media?parent=2526"}],"wp:term":[{"taxonomy":"category","embeddable":true,"href":"https:\/\/www.cafesaula.com\/blog\/wp-json\/wp\/v2\/categories?post=2526"},{"taxonomy":"post_tag","embeddable":true,"href":"https:\/\/www.cafesaula.com\/blog\/wp-json\/wp\/v2\/tags?post=2526"}],"curies":[{"name":"wp","href":"https:\/\/api.w.org\/{rel}","templated":true}]}}