{"id":2591,"date":"2021-09-07T15:28:09","date_gmt":"2021-09-07T15:28:09","guid":{"rendered":"https:\/\/www.cafesaula.com\/blog\/?p=2591"},"modified":"2021-09-24T10:45:19","modified_gmt":"2021-09-24T10:45:19","slug":"cansado-y-sin-ganas-de-trabajar-la-cafeina-te-puede-ayudar","status":"publish","type":"post","link":"https:\/\/www.cafesaula.com\/blog\/cansado-y-sin-ganas-de-trabajar-la-cafeina-te-puede-ayudar\/","title":{"rendered":"\u00bfCansado y sin ganas de trabajar? La cafe\u00edna te puede ayudar"},"content":{"rendered":"<p>Volver a trabajar despu\u00e9s de un per\u00edodo de vacaciones puede ser todo un reto para muchas personas. El ritmo del trabajo y la rutina del d\u00eda a d\u00eda vuelven de nuevo y, para ello, es necesario disponer de una buena dosis de motivaci\u00f3n y energ\u00eda.<\/p>\n<p>Por suerte, la naturaleza es sabia y nos proporciona alimentos naturales y saludables como el <strong>caf\u00e9<\/strong>, cuyo compuesto activo principal es la <strong>cafe\u00edna<\/strong>. Un elemento cuyos efectos aportan numerosos beneficios, como prevenir la somnolencia, aumentar el estado de alerta y mejorar el rendimiento cognitivo, adem\u00e1s de tener m\u00faltiples ventajas sobre la salud.<\/p>\n<p>Lo que quiz\u00e1s mucha gente no sabe es que la cafe\u00edna, que por cierto, es la que da el nombre a la <strong>bebida del caf\u00e9<\/strong>, no aporta nueva cafe\u00edna al cuerpo, sino que evita que uno se sienta cansado y fatigado. Es decir, nos da la ilusi\u00f3n de estar animados y en\u00e9rgicos cuando, en realidad, f\u00edsicamente no lo estamos.<\/p>\n<p>En comparaci\u00f3n con la <strong>cafe\u00edna del te o del chocolate<\/strong>, la cafe\u00edna del caf\u00e9 tiene la capacidad de ser mucho mas r\u00e1pida en producir los efectos deseados, energizando el cuerpo en una o dos horas despu\u00e9s de ingerirla. Sin embargo, todos los efectos var\u00edan seg\u00fan las cantidades diarias y la tolerancia personal a este componente del caf\u00e9.<\/p>\n<p><strong><a href=\"https:\/\/www.cafesaula.com\/\">\u00a1Descubre en nuestra tienda online toda nuestra selecci\u00f3n de caf\u00e9 para afrontar la vuelta al trabajo!<\/a><\/strong><\/p>\n<p><strong>&nbsp;<\/strong><\/p>","protected":false},"excerpt":{"rendered":"<p>Volver a trabajar despu\u00e9s de un per\u00edodo de vacaciones puede ser todo un reto para muchas personas. El ritmo del trabajo y la rutina del d\u00eda a d\u00eda vuelven de nuevo y, para ello, es necesario disponer de una buena dosis de motivaci\u00f3n y energ\u00eda. Por suerte, la naturaleza es sabia y nos proporciona alimentos&#8230;<\/p>\n","protected":false},"author":2,"featured_media":2592,"comment_status":"closed","ping_status":"closed","sticky":false,"template":"","format":"standard","meta":{"footnotes":""},"categories":[58,2],"tags":[108],"class_list":["post-2591","post","type-post","status-publish","format-standard","has-post-thumbnail","hentry","category-consejos","category-cafe","tag-cafeina"],"_links":{"self":[{"href":"https:\/\/www.cafesaula.com\/blog\/wp-json\/wp\/v2\/posts\/2591","targetHints":{"allow":["GET"]}}],"collection":[{"href":"https:\/\/www.cafesaula.com\/blog\/wp-json\/wp\/v2\/posts"}],"about":[{"href":"https:\/\/www.cafesaula.com\/blog\/wp-json\/wp\/v2\/types\/post"}],"author":[{"embeddable":true,"href":"https:\/\/www.cafesaula.com\/blog\/wp-json\/wp\/v2\/users\/2"}],"replies":[{"embeddable":true,"href":"https:\/\/www.cafesaula.com\/blog\/wp-json\/wp\/v2\/comments?post=2591"}],"version-history":[{"count":4,"href":"https:\/\/www.cafesaula.com\/blog\/wp-json\/wp\/v2\/posts\/2591\/revisions"}],"predecessor-version":[{"id":2610,"href":"https:\/\/www.cafesaula.com\/blog\/wp-json\/wp\/v2\/posts\/2591\/revisions\/2610"}],"wp:featuredmedia":[{"embeddable":true,"href":"https:\/\/www.cafesaula.com\/blog\/wp-json\/wp\/v2\/media\/2592"}],"wp:attachment":[{"href":"https:\/\/www.cafesaula.com\/blog\/wp-json\/wp\/v2\/media?parent=2591"}],"wp:term":[{"taxonomy":"category","embeddable":true,"href":"https:\/\/www.cafesaula.com\/blog\/wp-json\/wp\/v2\/categories?post=2591"},{"taxonomy":"post_tag","embeddable":true,"href":"https:\/\/www.cafesaula.com\/blog\/wp-json\/wp\/v2\/tags?post=2591"}],"curies":[{"name":"wp","href":"https:\/\/api.w.org\/{rel}","templated":true}]}}