{"id":313,"date":"2014-12-22T11:23:02","date_gmt":"2014-12-22T11:23:02","guid":{"rendered":"http:\/\/www.cafesaula.com\/blog\/?p=313"},"modified":"2014-12-22T11:23:51","modified_gmt":"2014-12-22T11:23:51","slug":"bones-festes-ritualers","status":"publish","type":"post","link":"https:\/\/www.cafesaula.com\/blog\/bones-festes-ritualers\/","title":{"rendered":"\u00a1Felices Fiestas Ritualers!"},"content":{"rendered":"<p><\/p>\n<p>Estos \u00faltimos d\u00edas hemos preguntado a nuestros seguidores de <a href=\"https:\/\/www.facebook.com\/SaulaCafe\" target=\"_blank\"><strong>Facebook<\/strong><\/a> cu\u00e1les son sus <strong>rituales<\/strong> favoritos durante las fiestas navide\u00f1as. El resultado ha sido una gran muestra de amor hacia los actos m\u00e1s sencillos: las comidas alrededor de la mesa, la familia reunida, el gran surtido de turrones y los ni\u00f1os jugando y cantando villancicos mientras los adultos se cuentan c\u00f3mo les ha ido el a\u00f1o hasta altas horas de la tarde.<\/p>\n<p>En nuestra cultura el <strong>ritual<\/strong> de comer conlleva mucho m\u00e1s que sentarse en una mesa y degustar un plato. Para nosotros significa reunirse, compartir momentos, recogerse del mundo y disfrutar de un buen momento con nuestra familia o amigos.<\/p>\n<p>En <a href=\"http:\/\/www.cafesaula.com\/es\/\" target=\"_blank\"><strong>Caf\u00e9 Saula<\/strong><\/a> siempre hemos trabajado para que estos momentos tan especiales se puedan acompa\u00f1ar del mejor <strong>caf\u00e9<\/strong>. Ahora que han llegado unas fechas tan significativas queremos recordar c\u00f3mo de importante es para nosotros cumplir con nuestra parte y hacer de estas veladas un momento \u00fanico para despertar vuestro lado m\u00e1s <strong>Ritualer<\/strong>.<\/p>\n<p>Todo el equipo de <a href=\"http:\/\/www.cafesaula.com\/es\/\" target=\"_blank\"><strong>Caf\u00e9 Saula<\/strong><\/a> os desea unas <strong>Felices Fiestas<\/strong> y un <strong>Prospero 2015<\/strong>.<\/p>\n<p><\/p>","protected":false},"excerpt":{"rendered":"<p>Estos \u00faltimos d\u00edas hemos preguntado a nuestros seguidores de Facebook cu\u00e1les son sus rituales favoritos durante las fiestas navide\u00f1as. El resultado ha sido una gran muestra de amor hacia los actos m\u00e1s sencillos: las comidas alrededor de la mesa, la familia reunida, el gran surtido de turrones y los ni\u00f1os jugando y cantando villancicos mientras&#8230;<\/p>\n","protected":false},"author":2,"featured_media":314,"comment_status":"closed","ping_status":"closed","sticky":false,"template":"","format":"standard","meta":{"footnotes":""},"categories":[61],"tags":[35,50,125,117,118,66,119,120,123,124,122,121],"class_list":["post-313","post","type-post","status-publish","format-standard","has-post-thumbnail","hentry","category-esdeveniments","tag-cafe-2","tag-cafe-saula","tag-facebook","tag-nadal","tag-navidad","tag-premium","tag-ritual","tag-ritualer","tag-sobremesa","tag-sobretaula","tag-tradiciones","tag-tradicions"],"_links":{"self":[{"href":"https:\/\/www.cafesaula.com\/blog\/wp-json\/wp\/v2\/posts\/313","targetHints":{"allow":["GET"]}}],"collection":[{"href":"https:\/\/www.cafesaula.com\/blog\/wp-json\/wp\/v2\/posts"}],"about":[{"href":"https:\/\/www.cafesaula.com\/blog\/wp-json\/wp\/v2\/types\/post"}],"author":[{"embeddable":true,"href":"https:\/\/www.cafesaula.com\/blog\/wp-json\/wp\/v2\/users\/2"}],"replies":[{"embeddable":true,"href":"https:\/\/www.cafesaula.com\/blog\/wp-json\/wp\/v2\/comments?post=313"}],"version-history":[{"count":2,"href":"https:\/\/www.cafesaula.com\/blog\/wp-json\/wp\/v2\/posts\/313\/revisions"}],"predecessor-version":[{"id":316,"href":"https:\/\/www.cafesaula.com\/blog\/wp-json\/wp\/v2\/posts\/313\/revisions\/316"}],"wp:featuredmedia":[{"embeddable":true,"href":"https:\/\/www.cafesaula.com\/blog\/wp-json\/wp\/v2\/media\/314"}],"wp:attachment":[{"href":"https:\/\/www.cafesaula.com\/blog\/wp-json\/wp\/v2\/media?parent=313"}],"wp:term":[{"taxonomy":"category","embeddable":true,"href":"https:\/\/www.cafesaula.com\/blog\/wp-json\/wp\/v2\/categories?post=313"},{"taxonomy":"post_tag","embeddable":true,"href":"https:\/\/www.cafesaula.com\/blog\/wp-json\/wp\/v2\/tags?post=313"}],"curies":[{"name":"wp","href":"https:\/\/api.w.org\/{rel}","templated":true}]}}