{"id":339,"date":"2015-01-23T12:26:46","date_gmt":"2015-01-23T12:26:46","guid":{"rendered":"http:\/\/www.cafesaula.com\/blog\/?p=339"},"modified":"2015-11-19T09:20:47","modified_gmt":"2015-11-19T09:20:47","slug":"cafe-restaurant-estruch-bon-espresso-amb-vistes-a-la-catedral","status":"publish","type":"post","link":"https:\/\/www.cafesaula.com\/blog\/cafe-restaurant-estruch-bon-espresso-amb-vistes-a-la-catedral\/","title":{"rendered":"Caf\u00e9 Restaurante Estruch, buen espresso con vistas a la catedral"},"content":{"rendered":"<p>Hay muchas maneras de visitar la <a href=\"http:\/\/www.catedralbcn.org\/\" target=\"_blank\"><strong>Catedral de Barcelona<\/strong><\/a>. Una de ellas es desde la terraza del <a href=\"http:\/\/restaurantestruch.com\/\" target=\"_blank\"><strong>Caf\u00e8 Restaurant Estruch<\/strong><\/a>. Situado justo delante de este emblem\u00e1tico monumento, la historia del local se remonta al <strong>1880<\/strong>, cuando la <a href=\"http:\/\/restaurantestruch.com\/\" target=\"_blank\"><strong>familia Estruch<\/strong><\/a> lo abri\u00f3 por primera vez.<\/p>\n<p>Regentado actualmente por la familia de Neus Gimeno, el <a href=\"http:\/\/restaurantestruch.com\/\" target=\"_blank\">Caf\u00e9 Restaurante\u00a0<\/a>est\u00e1 especializado en <strong>tapas y bravas<\/strong>, hecho nada extra\u00f1o dada la gran afluencia de turistas que se mueven por la zona. Pero en este <a href=\"http:\/\/restaurantestruch.com\/\" target=\"_blank\">Caf\u00e9 Restaurante<\/a> no s\u00f3lo hay p\u00fablico extranjero. La gran calidad de sus productos, su cocina de mercado y el ambiente c\u00e1lido y moderno han hecho de este local un oasis de tranquilidad en medio del centro neur\u00e1lgico de la ciudad. En definitiva, un lugar donde los barceloneses tambi\u00e9n tienen sitio.<\/p>\n<p>Y es que en <a href=\"http:\/\/restaurantestruch.com\/\" target=\"_blank\"><strong>Estruch<\/strong><\/a> aman <a href=\"http:\/\/www.bcn.cat\/\" target=\"_blank\"><strong>Barcelona<\/strong><\/a>. Se desprende por los detalles que decoran el local; como el mapa antiguo de la ciudad, recuerdos en blanco y negro de lo que un d\u00eda fue <a href=\"http:\/\/www.bcn.cat\/\" target=\"_blank\"><strong>Barcelona<\/strong><\/a> o las magnificas vistas de la fachada de la <a href=\"http:\/\/www.catedralbcn.org\/\" target=\"_blank\"><strong>Catedral<\/strong><\/a> desde el interior del bar.<\/p>\n<p>Como buenos amantes de todo aquello hecho en casa, al <a href=\"http:\/\/restaurantestruch.com\/\" target=\"_blank\"><strong>Caf\u00e9 Restaurante Estruch<\/strong><\/a> hace m\u00e1s de <strong>26 a\u00f1os<\/strong> que sirve <a href=\"http:\/\/www.cafesaula.com\/es\/\" target=\"_blank\"><strong>Caf\u00e9 Saula<\/strong><\/a>. Actualmente ofrece el <a href=\"http:\/\/www.cafesaula.com\/store\/es\/cafe-molido\/1-gran-espresso-premium-natural\" target=\"_blank\"><strong>Caf\u00e9 Saula Premium Original<\/strong><\/a>, y se ha convertido en una delicia, sobre todo, para los turistas italianos. \u201cSiempre piden un <strong>espresso<\/strong> con el miedo de que no ser\u00e1 como el que toman en <strong>Italia<\/strong>\u201d, explica Neus Gimeno, \u201cpero al irse nos acaban felicitando por el <a href=\"http:\/\/www.cafesaula.com\/store\/es\/cafe-molido\/1-gran-espresso-premium-natural\" target=\"_blank\"><strong>caf\u00e9<\/strong><\/a>\u201d.<\/p>\n<p>En la terraza, los rayos de sol caen entre las sillas del <a href=\"http:\/\/restaurantestruch.com\/\" target=\"_blank\">Caf\u00e9 Estruch<\/a> con aquella calidez tan mediterr\u00e1nea. Una mujer se toma el <a href=\"http:\/\/www.cafesaula.com\/es\/\" target=\"_blank\"><strong>caf\u00e9<\/strong> <\/a>observando los elementos g\u00f3ticos de la fachada de la <a href=\"http:\/\/www.catedralbcn.org\/\" target=\"_blank\"><strong>Catedral<\/strong><\/a> mientras la plaza late de vida. Y el <a href=\"http:\/\/restaurantestruch.com\/\" target=\"_blank\"><strong>Caf\u00e9 Restaurante Estruch<\/strong><\/a> seguir\u00e1 as\u00ed, en este lugar, imparable al paso del tiempo.<\/p>\n<p><div id='gallery-1' class='gallery galleryid-339 gallery-columns-3 gallery-size-full'><figure class='gallery-item'>\n\t\t\t<div class='gallery-icon landscape'>\n\t\t\t\t<a href='https:\/\/www.cafesaula.com\/blog\/cafe-restaurant-estruch-bon-espresso-amb-vistes-a-la-catedral\/attachment\/8\/'><img loading=\"lazy\" decoding=\"async\" width=\"710\" height=\"533\" src=\"https:\/\/www.cafesaula.com\/blog\/wp-content\/uploads\/2015\/01\/8.jpg\" class=\"attachment-full size-full\" alt=\"\" srcset=\"https:\/\/www.cafesaula.com\/blog\/wp-content\/uploads\/2015\/01\/8.jpg 710w, https:\/\/www.cafesaula.com\/blog\/wp-content\/uploads\/2015\/01\/8-239x180.jpg 239w, https:\/\/www.cafesaula.com\/blog\/wp-content\/uploads\/2015\/01\/8-472x355.jpg 472w\" sizes=\"auto, (max-width: 710px) 100vw, 710px\" \/><\/a>\n\t\t\t<\/div><\/figure><figure class='gallery-item'>\n\t\t\t<div class='gallery-icon landscape'>\n\t\t\t\t<a href='https:\/\/www.cafesaula.com\/blog\/cafe-restaurant-estruch-bon-espresso-amb-vistes-a-la-catedral\/attachment\/7\/'><img loading=\"lazy\" decoding=\"async\" width=\"710\" height=\"533\" src=\"https:\/\/www.cafesaula.com\/blog\/wp-content\/uploads\/2015\/01\/7.jpg\" class=\"attachment-full size-full\" alt=\"\" srcset=\"https:\/\/www.cafesaula.com\/blog\/wp-content\/uploads\/2015\/01\/7.jpg 710w, https:\/\/www.cafesaula.com\/blog\/wp-content\/uploads\/2015\/01\/7-239x180.jpg 239w, https:\/\/www.cafesaula.com\/blog\/wp-content\/uploads\/2015\/01\/7-472x355.jpg 472w\" sizes=\"auto, (max-width: 710px) 100vw, 710px\" \/><\/a>\n\t\t\t<\/div><\/figure><figure class='gallery-item'>\n\t\t\t<div class='gallery-icon landscape'>\n\t\t\t\t<a href='https:\/\/www.cafesaula.com\/blog\/cafe-restaurant-estruch-bon-espresso-amb-vistes-a-la-catedral\/attachment\/6\/'><img loading=\"lazy\" decoding=\"async\" width=\"710\" height=\"533\" src=\"https:\/\/www.cafesaula.com\/blog\/wp-content\/uploads\/2015\/01\/6.jpg\" class=\"attachment-full size-full\" alt=\"\" srcset=\"https:\/\/www.cafesaula.com\/blog\/wp-content\/uploads\/2015\/01\/6.jpg 710w, https:\/\/www.cafesaula.com\/blog\/wp-content\/uploads\/2015\/01\/6-239x180.jpg 239w, https:\/\/www.cafesaula.com\/blog\/wp-content\/uploads\/2015\/01\/6-472x355.jpg 472w\" sizes=\"auto, (max-width: 710px) 100vw, 710px\" \/><\/a>\n\t\t\t<\/div><\/figure><figure class='gallery-item'>\n\t\t\t<div class='gallery-icon landscape'>\n\t\t\t\t<a href='https:\/\/www.cafesaula.com\/blog\/cafe-restaurant-estruch-bon-espresso-amb-vistes-a-la-catedral\/attachment\/5\/'><img loading=\"lazy\" decoding=\"async\" width=\"710\" height=\"533\" src=\"https:\/\/www.cafesaula.com\/blog\/wp-content\/uploads\/2015\/01\/5.jpg\" class=\"attachment-full size-full\" alt=\"\" srcset=\"https:\/\/www.cafesaula.com\/blog\/wp-content\/uploads\/2015\/01\/5.jpg 710w, https:\/\/www.cafesaula.com\/blog\/wp-content\/uploads\/2015\/01\/5-239x180.jpg 239w, https:\/\/www.cafesaula.com\/blog\/wp-content\/uploads\/2015\/01\/5-472x355.jpg 472w\" sizes=\"auto, (max-width: 710px) 100vw, 710px\" \/><\/a>\n\t\t\t<\/div><\/figure><figure class='gallery-item'>\n\t\t\t<div class='gallery-icon landscape'>\n\t\t\t\t<a href='https:\/\/www.cafesaula.com\/blog\/cafe-restaurant-estruch-bon-espresso-amb-vistes-a-la-catedral\/attachment\/4\/'><img loading=\"lazy\" decoding=\"async\" width=\"710\" height=\"533\" src=\"https:\/\/www.cafesaula.com\/blog\/wp-content\/uploads\/2015\/01\/4.jpg\" class=\"attachment-full size-full\" alt=\"\" srcset=\"https:\/\/www.cafesaula.com\/blog\/wp-content\/uploads\/2015\/01\/4.jpg 710w, https:\/\/www.cafesaula.com\/blog\/wp-content\/uploads\/2015\/01\/4-239x180.jpg 239w, https:\/\/www.cafesaula.com\/blog\/wp-content\/uploads\/2015\/01\/4-472x355.jpg 472w\" sizes=\"auto, (max-width: 710px) 100vw, 710px\" \/><\/a>\n\t\t\t<\/div><\/figure><figure class='gallery-item'>\n\t\t\t<div class='gallery-icon landscape'>\n\t\t\t\t<a href='https:\/\/www.cafesaula.com\/blog\/cafe-restaurant-estruch-bon-espresso-amb-vistes-a-la-catedral\/attachment\/3\/'><img loading=\"lazy\" decoding=\"async\" width=\"710\" height=\"533\" src=\"https:\/\/www.cafesaula.com\/blog\/wp-content\/uploads\/2015\/01\/3.jpg\" class=\"attachment-full size-full\" alt=\"\" srcset=\"https:\/\/www.cafesaula.com\/blog\/wp-content\/uploads\/2015\/01\/3.jpg 710w, https:\/\/www.cafesaula.com\/blog\/wp-content\/uploads\/2015\/01\/3-239x180.jpg 239w, https:\/\/www.cafesaula.com\/blog\/wp-content\/uploads\/2015\/01\/3-472x355.jpg 472w\" sizes=\"auto, (max-width: 710px) 100vw, 710px\" \/><\/a>\n\t\t\t<\/div><\/figure><figure class='gallery-item'>\n\t\t\t<div class='gallery-icon landscape'>\n\t\t\t\t<a href='https:\/\/www.cafesaula.com\/blog\/cafe-restaurant-estruch-bon-espresso-amb-vistes-a-la-catedral\/2-2\/'><img loading=\"lazy\" decoding=\"async\" width=\"710\" height=\"533\" src=\"https:\/\/www.cafesaula.com\/blog\/wp-content\/uploads\/2015\/01\/21.jpg\" class=\"attachment-full size-full\" alt=\"\" srcset=\"https:\/\/www.cafesaula.com\/blog\/wp-content\/uploads\/2015\/01\/21.jpg 710w, https:\/\/www.cafesaula.com\/blog\/wp-content\/uploads\/2015\/01\/21-239x180.jpg 239w, https:\/\/www.cafesaula.com\/blog\/wp-content\/uploads\/2015\/01\/21-472x355.jpg 472w\" sizes=\"auto, (max-width: 710px) 100vw, 710px\" \/><\/a>\n\t\t\t<\/div><\/figure><figure class='gallery-item'>\n\t\t\t<div class='gallery-icon landscape'>\n\t\t\t\t<a href='https:\/\/www.cafesaula.com\/blog\/cafe-restaurant-estruch-bon-espresso-amb-vistes-a-la-catedral\/attachment\/1\/'><img loading=\"lazy\" decoding=\"async\" width=\"710\" height=\"533\" src=\"https:\/\/www.cafesaula.com\/blog\/wp-content\/uploads\/2015\/01\/1.jpg\" class=\"attachment-full size-full\" alt=\"\" srcset=\"https:\/\/www.cafesaula.com\/blog\/wp-content\/uploads\/2015\/01\/1.jpg 710w, https:\/\/www.cafesaula.com\/blog\/wp-content\/uploads\/2015\/01\/1-239x180.jpg 239w, https:\/\/www.cafesaula.com\/blog\/wp-content\/uploads\/2015\/01\/1-472x355.jpg 472w\" sizes=\"auto, (max-width: 710px) 100vw, 710px\" \/><\/a>\n\t\t\t<\/div><\/figure>\n\t\t<\/div>\n<\/p>","protected":false},"excerpt":{"rendered":"<p>Hay muchas maneras de visitar la Catedral de Barcelona. Una de ellas es desde la terraza del Caf\u00e8 Restaurant Estruch. Situado justo delante de este emblem\u00e1tico monumento, la historia del local se remonta al 1880, cuando la familia Estruch lo abri\u00f3 por primera vez. Regentado actualmente por la familia de Neus Gimeno, el Caf\u00e9 Restaurante\u00a0est\u00e1&#8230;<\/p>\n","protected":false},"author":2,"featured_media":347,"comment_status":"closed","ping_status":"closed","sticky":false,"template":"","format":"gallery","meta":{"footnotes":""},"categories":[93,2,164],"tags":[69,52,35,148,50,92,149,60,66],"class_list":["post-339","post","type-post","status-publish","format-gallery","has-post-thumbnail","hentry","category-cafeterias","category-cafe","category-ritualers-2","tag-arabica","tag-barcelona","tag-cafe-2","tag-cafe-restaurant-estruch","tag-cafe-saula","tag-cafeteria","tag-catedral-de-barcelona","tag-espresso","tag-premium","post_format-post-format-gallery"],"_links":{"self":[{"href":"https:\/\/www.cafesaula.com\/blog\/wp-json\/wp\/v2\/posts\/339","targetHints":{"allow":["GET"]}}],"collection":[{"href":"https:\/\/www.cafesaula.com\/blog\/wp-json\/wp\/v2\/posts"}],"about":[{"href":"https:\/\/www.cafesaula.com\/blog\/wp-json\/wp\/v2\/types\/post"}],"author":[{"embeddable":true,"href":"https:\/\/www.cafesaula.com\/blog\/wp-json\/wp\/v2\/users\/2"}],"replies":[{"embeddable":true,"href":"https:\/\/www.cafesaula.com\/blog\/wp-json\/wp\/v2\/comments?post=339"}],"version-history":[{"count":5,"href":"https:\/\/www.cafesaula.com\/blog\/wp-json\/wp\/v2\/posts\/339\/revisions"}],"predecessor-version":[{"id":357,"href":"https:\/\/www.cafesaula.com\/blog\/wp-json\/wp\/v2\/posts\/339\/revisions\/357"}],"wp:featuredmedia":[{"embeddable":true,"href":"https:\/\/www.cafesaula.com\/blog\/wp-json\/wp\/v2\/media\/347"}],"wp:attachment":[{"href":"https:\/\/www.cafesaula.com\/blog\/wp-json\/wp\/v2\/media?parent=339"}],"wp:term":[{"taxonomy":"category","embeddable":true,"href":"https:\/\/www.cafesaula.com\/blog\/wp-json\/wp\/v2\/categories?post=339"},{"taxonomy":"post_tag","embeddable":true,"href":"https:\/\/www.cafesaula.com\/blog\/wp-json\/wp\/v2\/tags?post=339"}],"curies":[{"name":"wp","href":"https:\/\/api.w.org\/{rel}","templated":true}]}}