{"id":385,"date":"2015-02-09T11:02:16","date_gmt":"2015-02-09T11:02:16","guid":{"rendered":"http:\/\/www.cafesaula.com\/blog\/?p=385"},"modified":"2015-11-19T09:19:02","modified_gmt":"2015-11-19T09:19:02","slug":"granja-dulcinea-el-tresor-del-carrer-petritxol","status":"publish","type":"post","link":"https:\/\/www.cafesaula.com\/blog\/granja-dulcinea-el-tresor-del-carrer-petritxol\/","title":{"rendered":"Granja Dulcinea, el tesoro de la calle Petritxol"},"content":{"rendered":"<p><\/p>\n<p>En <a href=\"http:\/\/www.cafesaula.com\/es\/\" target=\"_blank\"><strong>Caf\u00e9 Saula<\/strong><\/a> nos encantan los <a href=\"http:\/\/www.cafesaula.com\/es\/be-a-ritualer\/\" target=\"_blank\"><strong>rituales<\/strong><\/a>. Y, como buenos barceloneses, uno de nuestros <a href=\"http:\/\/www.cafesaula.com\/es\/be-a-ritualer\/\" target=\"_blank\"><strong>rituales<\/strong><\/a> preferidos es bajar por la <strong>calle Petritxol<\/strong> en una fr\u00eda tarde de invierno y hacer un <strong>chocolate con churros<\/strong> en la m\u00edtica <a href=\"http:\/\/granjadulcinea.com\/es\/historia\/\" target=\"_blank\"><strong>Granja Dulcinea<\/strong><\/a>.<\/p>\n<p>Impasible al paso del tiempo, esta <a href=\"http:\/\/granjadulcinea.com\/es\/historia\/\" target=\"_blank\"><strong>chocolater\u00eda<\/strong><\/a> est\u00e1 regentada por una larga saga familiar que, desde 1941, conserva uno de los locales m\u00e1s emblem\u00e1ticos de <a href=\"http:\/\/www.bcn.cat\/es\/\" target=\"_blank\"><strong>Barcelona<\/strong><\/a>. Cuando sus fundadores, <strong>Joan Mach<\/strong> y <strong>Elvira Farr\u00e0s<\/strong>, visitaron por primera vez el n\u00famero 2 de la <strong>calle Petritxol<\/strong> se encontraron con un negocio de aceites y vinos. Pero ellos quer\u00edan hacer una <a href=\"http:\/\/granjadulcinea.com\/es\/historia\/\" target=\"_blank\"><strong>chocolater\u00eda<\/strong><\/a> y, desde entonces, la familia Mach ha visto crecer generaciones enteras de barceloneses reunidas al calor de una buena taza de <strong>chocolate caliente<\/strong>.<\/p>\n<p>Hoy en d\u00eda, el peque\u00f1o local de dos pisos sigue conservando la decoraci\u00f3n tal como era en sus or\u00edgenes, con una peque\u00f1a cocina y tortuosas escaleras que te conducen a un amplio segundo piso. En la carta tampoco ha habido muchas variaciones: <strong>chocolate caliente con churros<\/strong> o <strong>\u2018melindros\u2019<\/strong>, <strong>suizo<\/strong>, <strong>t\u00e9s<\/strong>, <strong>caf\u00e9s<\/strong> y <strong>pastas<\/strong>. Todo pensado para hacer de la hora de <strong>desayunar<\/strong> o <strong>merendar<\/strong> uno de los momentos m\u00e1s agradables del d\u00eda.<\/p>\n<p>Uno de los locales m\u00e1s <a href=\"http:\/\/www.cafesaula.com\/es\/be-a-ritualer\/\" target=\"_blank\"><strong>Ritualers<\/strong><\/a> de la ciudad no pod\u00eda dejar de tener <a href=\"http:\/\/www.cafesaula.com\/es\/\" target=\"_blank\"><strong>Caf\u00e9 Saula<\/strong><\/a>. Es as\u00ed como, ahora har\u00e1 cinco a\u00f1os, en la <a href=\"http:\/\/granjadulcinea.com\/es\/historia\/\" target=\"_blank\"><strong>Granja Dulcinea<\/strong> <\/a>se sirve <a href=\"http:\/\/www.cafesaula.com\/es\/\" target=\"_blank\"><strong>Caf\u00e9 Saula Cl\u00e1sico<\/strong><\/a>, que normalmente se pide con un poco de leche. Aunque no sea un local donde el <a href=\"http:\/\/www.cafesaula.com\/es\/\" target=\"_blank\"><strong>caf\u00e9<\/strong><\/a> sea lo m\u00e1s pedido, \u201cdesde la llegada de esta firma la calidad del <a href=\"http:\/\/www.cafesaula.com\/es\/\" target=\"_blank\"><strong>caf\u00e9<\/strong><\/a> ha mejorado mucho\u201d, explica <strong>Joan Mach<\/strong>, hijo del fundador.<\/p>\n<p>Clasificado como <a href=\"http:\/\/establimentsemblematics.cat\/\" target=\"_blank\"><strong>Establecimiento Emblem\u00e1tico de Barcelona<\/strong><\/a> desde hace un a\u00f1o, la <a href=\"http:\/\/granjadulcinea.com\/es\/historia\/\" target=\"_blank\"><strong>Granja Dulcinea<\/strong><\/a> se ha hecho un lugar en las gu\u00edas tur\u00edsticas de todo el mundo. Pese a todo, el compromiso de los propietarios para mantener el local igual que en sus or\u00edgenes nos da la tranquilidad que hay <a href=\"http:\/\/www.cafesaula.com\/es\/be-a-ritualer\/\" target=\"_blank\"><strong>rituales<\/strong> <\/a>que nunca cambiar\u00e1n.<\/p>\n<div id='gallery-1' class='gallery galleryid-385 gallery-columns-3 gallery-size-full'><figure class='gallery-item'>\n\t\t\t<div class='gallery-icon landscape'>\n\t\t\t\t<a href='https:\/\/www.cafesaula.com\/blog\/granja-dulcinea-el-tresor-del-carrer-petritxol\/img_5504\/'><img loading=\"lazy\" decoding=\"async\" width=\"711\" height=\"533\" src=\"https:\/\/www.cafesaula.com\/blog\/wp-content\/uploads\/2015\/02\/IMG_5504.jpg\" class=\"attachment-full size-full\" alt=\"\" srcset=\"https:\/\/www.cafesaula.com\/blog\/wp-content\/uploads\/2015\/02\/IMG_5504.jpg 711w, https:\/\/www.cafesaula.com\/blog\/wp-content\/uploads\/2015\/02\/IMG_5504-240x180.jpg 240w, https:\/\/www.cafesaula.com\/blog\/wp-content\/uploads\/2015\/02\/IMG_5504-473x355.jpg 473w\" sizes=\"auto, (max-width: 711px) 100vw, 711px\" \/><\/a>\n\t\t\t<\/div><\/figure><figure class='gallery-item'>\n\t\t\t<div class='gallery-icon landscape'>\n\t\t\t\t<a href='https:\/\/www.cafesaula.com\/blog\/granja-dulcinea-el-tresor-del-carrer-petritxol\/attachment\/14\/'><img loading=\"lazy\" decoding=\"async\" width=\"711\" height=\"533\" src=\"https:\/\/www.cafesaula.com\/blog\/wp-content\/uploads\/2015\/02\/14.jpg\" class=\"attachment-full size-full\" alt=\"\" srcset=\"https:\/\/www.cafesaula.com\/blog\/wp-content\/uploads\/2015\/02\/14.jpg 711w, https:\/\/www.cafesaula.com\/blog\/wp-content\/uploads\/2015\/02\/14-240x180.jpg 240w, https:\/\/www.cafesaula.com\/blog\/wp-content\/uploads\/2015\/02\/14-473x355.jpg 473w\" sizes=\"auto, (max-width: 711px) 100vw, 711px\" \/><\/a>\n\t\t\t<\/div><\/figure><figure class='gallery-item'>\n\t\t\t<div class='gallery-icon landscape'>\n\t\t\t\t<a href='https:\/\/www.cafesaula.com\/blog\/granja-dulcinea-el-tresor-del-carrer-petritxol\/attachment\/12\/'><img loading=\"lazy\" decoding=\"async\" width=\"711\" height=\"533\" src=\"https:\/\/www.cafesaula.com\/blog\/wp-content\/uploads\/2015\/02\/12.jpg\" class=\"attachment-full size-full\" alt=\"\" srcset=\"https:\/\/www.cafesaula.com\/blog\/wp-content\/uploads\/2015\/02\/12.jpg 711w, https:\/\/www.cafesaula.com\/blog\/wp-content\/uploads\/2015\/02\/12-240x180.jpg 240w, https:\/\/www.cafesaula.com\/blog\/wp-content\/uploads\/2015\/02\/12-473x355.jpg 473w\" sizes=\"auto, (max-width: 711px) 100vw, 711px\" \/><\/a>\n\t\t\t<\/div><\/figure><figure class='gallery-item'>\n\t\t\t<div class='gallery-icon landscape'>\n\t\t\t\t<a href='https:\/\/www.cafesaula.com\/blog\/granja-dulcinea-el-tresor-del-carrer-petritxol\/attachment\/11\/'><img loading=\"lazy\" decoding=\"async\" width=\"711\" height=\"533\" src=\"https:\/\/www.cafesaula.com\/blog\/wp-content\/uploads\/2015\/02\/11.jpg\" class=\"attachment-full size-full\" alt=\"\" srcset=\"https:\/\/www.cafesaula.com\/blog\/wp-content\/uploads\/2015\/02\/11.jpg 711w, https:\/\/www.cafesaula.com\/blog\/wp-content\/uploads\/2015\/02\/11-240x180.jpg 240w, https:\/\/www.cafesaula.com\/blog\/wp-content\/uploads\/2015\/02\/11-473x355.jpg 473w\" sizes=\"auto, (max-width: 711px) 100vw, 711px\" \/><\/a>\n\t\t\t<\/div><\/figure><figure class='gallery-item'>\n\t\t\t<div class='gallery-icon landscape'>\n\t\t\t\t<a href='https:\/\/www.cafesaula.com\/blog\/granja-dulcinea-el-tresor-del-carrer-petritxol\/attachment\/10\/'><img loading=\"lazy\" decoding=\"async\" width=\"711\" height=\"533\" src=\"https:\/\/www.cafesaula.com\/blog\/wp-content\/uploads\/2015\/02\/10.jpg\" class=\"attachment-full size-full\" alt=\"\" srcset=\"https:\/\/www.cafesaula.com\/blog\/wp-content\/uploads\/2015\/02\/10.jpg 711w, https:\/\/www.cafesaula.com\/blog\/wp-content\/uploads\/2015\/02\/10-240x180.jpg 240w, https:\/\/www.cafesaula.com\/blog\/wp-content\/uploads\/2015\/02\/10-473x355.jpg 473w\" sizes=\"auto, (max-width: 711px) 100vw, 711px\" \/><\/a>\n\t\t\t<\/div><\/figure><figure class='gallery-item'>\n\t\t\t<div class='gallery-icon landscape'>\n\t\t\t\t<a href='https:\/\/www.cafesaula.com\/blog\/granja-dulcinea-el-tresor-del-carrer-petritxol\/attachment\/9\/'><img loading=\"lazy\" decoding=\"async\" width=\"711\" height=\"533\" src=\"https:\/\/www.cafesaula.com\/blog\/wp-content\/uploads\/2015\/02\/9.jpg\" class=\"attachment-full size-full\" alt=\"\" srcset=\"https:\/\/www.cafesaula.com\/blog\/wp-content\/uploads\/2015\/02\/9.jpg 711w, https:\/\/www.cafesaula.com\/blog\/wp-content\/uploads\/2015\/02\/9-240x180.jpg 240w, https:\/\/www.cafesaula.com\/blog\/wp-content\/uploads\/2015\/02\/9-473x355.jpg 473w\" sizes=\"auto, (max-width: 711px) 100vw, 711px\" \/><\/a>\n\t\t\t<\/div><\/figure><figure class='gallery-item'>\n\t\t\t<div class='gallery-icon landscape'>\n\t\t\t\t<a href='https:\/\/www.cafesaula.com\/blog\/granja-dulcinea-el-tresor-del-carrer-petritxol\/1-3\/'><img loading=\"lazy\" decoding=\"async\" width=\"711\" height=\"533\" src=\"https:\/\/www.cafesaula.com\/blog\/wp-content\/uploads\/2015\/02\/1.jpg\" class=\"attachment-full size-full\" alt=\"\" srcset=\"https:\/\/www.cafesaula.com\/blog\/wp-content\/uploads\/2015\/02\/1.jpg 711w, https:\/\/www.cafesaula.com\/blog\/wp-content\/uploads\/2015\/02\/1-240x180.jpg 240w, https:\/\/www.cafesaula.com\/blog\/wp-content\/uploads\/2015\/02\/1-473x355.jpg 473w\" sizes=\"auto, (max-width: 711px) 100vw, 711px\" \/><\/a>\n\t\t\t<\/div><\/figure><figure class='gallery-item'>\n\t\t\t<div class='gallery-icon landscape'>\n\t\t\t\t<a href='https:\/\/www.cafesaula.com\/blog\/granja-dulcinea-el-tresor-del-carrer-petritxol\/2-4\/'><img loading=\"lazy\" decoding=\"async\" width=\"711\" height=\"533\" src=\"https:\/\/www.cafesaula.com\/blog\/wp-content\/uploads\/2015\/02\/2.jpg\" class=\"attachment-full size-full\" alt=\"\" srcset=\"https:\/\/www.cafesaula.com\/blog\/wp-content\/uploads\/2015\/02\/2.jpg 711w, https:\/\/www.cafesaula.com\/blog\/wp-content\/uploads\/2015\/02\/2-240x180.jpg 240w, https:\/\/www.cafesaula.com\/blog\/wp-content\/uploads\/2015\/02\/2-473x355.jpg 473w\" sizes=\"auto, (max-width: 711px) 100vw, 711px\" \/><\/a>\n\t\t\t<\/div><\/figure><figure class='gallery-item'>\n\t\t\t<div class='gallery-icon landscape'>\n\t\t\t\t<a href='https:\/\/www.cafesaula.com\/blog\/granja-dulcinea-el-tresor-del-carrer-petritxol\/5-3\/'><img loading=\"lazy\" decoding=\"async\" width=\"711\" height=\"533\" src=\"https:\/\/www.cafesaula.com\/blog\/wp-content\/uploads\/2015\/02\/5.jpg\" class=\"attachment-full size-full\" alt=\"\" srcset=\"https:\/\/www.cafesaula.com\/blog\/wp-content\/uploads\/2015\/02\/5.jpg 711w, https:\/\/www.cafesaula.com\/blog\/wp-content\/uploads\/2015\/02\/5-240x180.jpg 240w, https:\/\/www.cafesaula.com\/blog\/wp-content\/uploads\/2015\/02\/5-473x355.jpg 473w\" sizes=\"auto, (max-width: 711px) 100vw, 711px\" \/><\/a>\n\t\t\t<\/div><\/figure><figure class='gallery-item'>\n\t\t\t<div class='gallery-icon landscape'>\n\t\t\t\t<a href='https:\/\/www.cafesaula.com\/blog\/granja-dulcinea-el-tresor-del-carrer-petritxol\/6-3\/'><img loading=\"lazy\" decoding=\"async\" width=\"711\" height=\"533\" src=\"https:\/\/www.cafesaula.com\/blog\/wp-content\/uploads\/2015\/02\/6.jpg\" class=\"attachment-full size-full\" alt=\"\" srcset=\"https:\/\/www.cafesaula.com\/blog\/wp-content\/uploads\/2015\/02\/6.jpg 711w, https:\/\/www.cafesaula.com\/blog\/wp-content\/uploads\/2015\/02\/6-240x180.jpg 240w, https:\/\/www.cafesaula.com\/blog\/wp-content\/uploads\/2015\/02\/6-473x355.jpg 473w\" sizes=\"auto, (max-width: 711px) 100vw, 711px\" \/><\/a>\n\t\t\t<\/div><\/figure><figure class='gallery-item'>\n\t\t\t<div class='gallery-icon landscape'>\n\t\t\t\t<a href='https:\/\/www.cafesaula.com\/blog\/granja-dulcinea-el-tresor-del-carrer-petritxol\/7-2\/'><img loading=\"lazy\" decoding=\"async\" width=\"711\" height=\"533\" src=\"https:\/\/www.cafesaula.com\/blog\/wp-content\/uploads\/2015\/02\/7.jpg\" class=\"attachment-full size-full\" alt=\"\" srcset=\"https:\/\/www.cafesaula.com\/blog\/wp-content\/uploads\/2015\/02\/7.jpg 711w, https:\/\/www.cafesaula.com\/blog\/wp-content\/uploads\/2015\/02\/7-240x180.jpg 240w, https:\/\/www.cafesaula.com\/blog\/wp-content\/uploads\/2015\/02\/7-473x355.jpg 473w\" sizes=\"auto, (max-width: 711px) 100vw, 711px\" \/><\/a>\n\t\t\t<\/div><\/figure>\n\t\t<\/div>\n\n<p><\/p>","protected":false},"excerpt":{"rendered":"<p>En Caf\u00e9 Saula nos encantan los rituales. Y, como buenos barceloneses, uno de nuestros rituales preferidos es bajar por la calle Petritxol en una fr\u00eda tarde de invierno y hacer un chocolate con churros en la m\u00edtica Granja Dulcinea. Impasible al paso del tiempo, esta chocolater\u00eda est\u00e1 regentada por una larga saga familiar que, desde&#8230;<\/p>\n","protected":false},"author":2,"featured_media":397,"comment_status":"closed","ping_status":"closed","sticky":false,"template":"","format":"gallery","meta":{"footnotes":""},"categories":[93,49,164],"tags":[52,35,160,161,50,92,159,60,163,157,162,66,158],"class_list":["post-385","post","type-post","status-publish","format-gallery","has-post-thumbnail","hentry","category-cafeterias","category-historia","category-ritualers-2","tag-barcelona","tag-cafe-2","tag-cafe-amb-llet","tag-cafe-con-leche","tag-cafe-saula","tag-cafeteria","tag-chocolateria","tag-espresso","tag-familia-mach","tag-granja-dulcinea","tag-petritxol","tag-premium","tag-xocolateria","post_format-post-format-gallery"],"_links":{"self":[{"href":"https:\/\/www.cafesaula.com\/blog\/wp-json\/wp\/v2\/posts\/385","targetHints":{"allow":["GET"]}}],"collection":[{"href":"https:\/\/www.cafesaula.com\/blog\/wp-json\/wp\/v2\/posts"}],"about":[{"href":"https:\/\/www.cafesaula.com\/blog\/wp-json\/wp\/v2\/types\/post"}],"author":[{"embeddable":true,"href":"https:\/\/www.cafesaula.com\/blog\/wp-json\/wp\/v2\/users\/2"}],"replies":[{"embeddable":true,"href":"https:\/\/www.cafesaula.com\/blog\/wp-json\/wp\/v2\/comments?post=385"}],"version-history":[{"count":8,"href":"https:\/\/www.cafesaula.com\/blog\/wp-json\/wp\/v2\/posts\/385\/revisions"}],"predecessor-version":[{"id":402,"href":"https:\/\/www.cafesaula.com\/blog\/wp-json\/wp\/v2\/posts\/385\/revisions\/402"}],"wp:featuredmedia":[{"embeddable":true,"href":"https:\/\/www.cafesaula.com\/blog\/wp-json\/wp\/v2\/media\/397"}],"wp:attachment":[{"href":"https:\/\/www.cafesaula.com\/blog\/wp-json\/wp\/v2\/media?parent=385"}],"wp:term":[{"taxonomy":"category","embeddable":true,"href":"https:\/\/www.cafesaula.com\/blog\/wp-json\/wp\/v2\/categories?post=385"},{"taxonomy":"post_tag","embeddable":true,"href":"https:\/\/www.cafesaula.com\/blog\/wp-json\/wp\/v2\/tags?post=385"}],"curies":[{"name":"wp","href":"https:\/\/api.w.org\/{rel}","templated":true}]}}