{"id":463,"date":"2015-04-07T17:10:08","date_gmt":"2015-04-07T17:10:08","guid":{"rendered":"http:\/\/www.cafesaula.com\/blog\/?p=463"},"modified":"2015-11-19T09:16:18","modified_gmt":"2015-11-19T09:16:18","slug":"decafe-art-cafeter-en-estat-pur","status":"publish","type":"post","link":"https:\/\/www.cafesaula.com\/blog\/decafe-art-cafeter-en-estat-pur\/","title":{"rendered":"\u2018Decaf\u00e9\u2019, arte cafetero en estado puro"},"content":{"rendered":"<p><\/p>\n<p>Hoy desde <a href=\"http:\/\/www.cafesaula.com\/es\/\" target=\"_blank\"><strong>Caf\u00e9 Saula<\/strong><\/a> os queremos presentar a <a href=\"http:\/\/www.rlauri.com\/\" target=\"_blank\"><strong>Ra\u00fal Laur\u00ed<\/strong><\/a>, el creador del llamado <strong>\u2018<a href=\"http:\/\/www.rlauri.com\/\" target=\"_blank\">Decaf\u00e9<\/a>\u2019<\/strong>, un nuevo material realizado a partir de los posos de <strong>caf\u00e9<\/strong> usados.<\/p>\n<p>Todo empez\u00f3 con una reflexi\u00f3n que se hicieron muchos dise\u00f1adores: \u00bfpor qu\u00e9 no aprovechar los desechos cotidianos que se acumulan en el d\u00eda a d\u00eda? Laur\u00ed decidi\u00f3 decantarse por el <a href=\"http:\/\/www.cafesaula.com\/es\/\" target=\"_blank\"><strong>mundo del caf\u00e9<\/strong><\/a>, ya que, seg\u00fan \u00e9l, \u201ces un producto cercano, conocido y consumido mundialmente, teniendo en cuenta que es la segunda mercanc\u00eda comercializada en el mundo\u201d. Adem\u00e1s, este dise\u00f1ador alicantino, se inspir\u00f3 en el <strong>caf\u00e9<\/strong> como un \u201cportador de experiencias: a diario suceden miles de historias alrededor de una <a href=\"http:\/\/www.cafesaula.com\/es\/\" target=\"_blank\"><strong>taza de caf\u00e9<\/strong><\/a>\u201d. Entonces, \u00bfpor qu\u00e9 deshacerse de un producto tan valioso si se pueden aprovechar sus aspectos emocionales?<\/p>\n<p>Fue entonces cuando <a href=\"http:\/\/www.rlauri.com\/\" target=\"_blank\"><strong>Ra\u00fal Laur\u00ed<\/strong><\/a> patent\u00f3 la t\u00e9cnica del <strong>\u2018<a href=\"http:\/\/www.rlauri.com\/\" target=\"_blank\">Decaf\u00e9<\/a>\u2019<\/strong>, con la que desde entonces crea originales l\u00e1mparas hechas con borra de<strong> caf\u00e9<\/strong> prensada, cuencos e incluso colgantes. El material con el que trabaja est\u00e1 realizado tras un largo proceso de experimentaci\u00f3n, paciencia y entusiasmo. Incluso se han empleado algunas t\u00e9cnicas culinarias tradicionales para lograrlo.<\/p>\n<p>El proceso es muy sencillo: consiste en aprovechar los <a href=\"http:\/\/www.cafesaula.com\/es\/\" target=\"_blank\"><strong>posos de caf\u00e9<\/strong><\/a> que, al mezclarlos con un aglutinante natural y someterlo a un proceso de transformaci\u00f3n mediante presi\u00f3n y temperatura, se consigue darle la consistencia suficiente para aplicarlo en multitud de productos. \u00a0En la actualidad el <strong>\u2018<a href=\"http:\/\/www.rlauri.com\/\" target=\"_blank\">Decaf\u00e9<\/a>\u2019<\/strong> est\u00e1 patentado y la \u201creceta\u201d es todo un secreto.<\/p>\n<div id='gallery-1' class='gallery galleryid-463 gallery-columns-3 gallery-size-full'><figure class='gallery-item'>\n\t\t\t<div class='gallery-icon landscape'>\n\t\t\t\t<a href='https:\/\/www.cafesaula.com\/blog\/recepta-de-pastis-de-xocolata-amb-cafe-saula\/4-4\/'><img loading=\"lazy\" decoding=\"async\" width=\"711\" height=\"359\" src=\"https:\/\/www.cafesaula.com\/blog\/wp-content\/uploads\/2015\/03\/4.jpg\" class=\"attachment-full size-full\" alt=\"\" srcset=\"https:\/\/www.cafesaula.com\/blog\/wp-content\/uploads\/2015\/03\/4.jpg 711w, https:\/\/www.cafesaula.com\/blog\/wp-content\/uploads\/2015\/03\/4-356x180.jpg 356w, https:\/\/www.cafesaula.com\/blog\/wp-content\/uploads\/2015\/03\/4-703x355.jpg 703w\" sizes=\"auto, (max-width: 711px) 100vw, 711px\" \/><\/a>\n\t\t\t<\/div><\/figure><figure class='gallery-item'>\n\t\t\t<div class='gallery-icon landscape'>\n\t\t\t\t<a href='https:\/\/www.cafesaula.com\/blog\/recepta-de-pastis-de-xocolata-amb-cafe-saula\/3-3\/'><img loading=\"lazy\" decoding=\"async\" width=\"711\" height=\"473\" src=\"https:\/\/www.cafesaula.com\/blog\/wp-content\/uploads\/2015\/03\/3.jpg\" class=\"attachment-full size-full\" alt=\"\" srcset=\"https:\/\/www.cafesaula.com\/blog\/wp-content\/uploads\/2015\/03\/3.jpg 711w, https:\/\/www.cafesaula.com\/blog\/wp-content\/uploads\/2015\/03\/3-270x180.jpg 270w, https:\/\/www.cafesaula.com\/blog\/wp-content\/uploads\/2015\/03\/3-533x355.jpg 533w\" sizes=\"auto, (max-width: 711px) 100vw, 711px\" \/><\/a>\n\t\t\t<\/div><\/figure><figure class='gallery-item'>\n\t\t\t<div class='gallery-icon landscape'>\n\t\t\t\t<a href='https:\/\/www.cafesaula.com\/blog\/recepta-de-pastis-de-xocolata-amb-cafe-saula\/2-6\/'><img loading=\"lazy\" decoding=\"async\" width=\"711\" height=\"475\" src=\"https:\/\/www.cafesaula.com\/blog\/wp-content\/uploads\/2015\/03\/2.jpg\" class=\"attachment-full size-full\" alt=\"\" srcset=\"https:\/\/www.cafesaula.com\/blog\/wp-content\/uploads\/2015\/03\/2.jpg 711w, https:\/\/www.cafesaula.com\/blog\/wp-content\/uploads\/2015\/03\/2-269x180.jpg 269w, https:\/\/www.cafesaula.com\/blog\/wp-content\/uploads\/2015\/03\/2-531x355.jpg 531w\" sizes=\"auto, (max-width: 711px) 100vw, 711px\" \/><\/a>\n\t\t\t<\/div><\/figure><figure class='gallery-item'>\n\t\t\t<div class='gallery-icon landscape'>\n\t\t\t\t<a href='https:\/\/www.cafesaula.com\/blog\/recepta-de-pastis-de-xocolata-amb-cafe-saula\/1-5\/'><img loading=\"lazy\" decoding=\"async\" width=\"711\" height=\"451\" src=\"https:\/\/www.cafesaula.com\/blog\/wp-content\/uploads\/2015\/03\/1.jpg\" class=\"attachment-full size-full\" alt=\"\" srcset=\"https:\/\/www.cafesaula.com\/blog\/wp-content\/uploads\/2015\/03\/1.jpg 711w, https:\/\/www.cafesaula.com\/blog\/wp-content\/uploads\/2015\/03\/1-283x180.jpg 283w, https:\/\/www.cafesaula.com\/blog\/wp-content\/uploads\/2015\/03\/1-559x355.jpg 559w\" sizes=\"auto, (max-width: 711px) 100vw, 711px\" \/><\/a>\n\t\t\t<\/div><\/figure>\n\t\t<\/div>\n\n<\/p>\n<p><\/p>","protected":false},"excerpt":{"rendered":"<p>Hoy desde Caf\u00e9 Saula os queremos presentar a Ra\u00fal Laur\u00ed, el creador del llamado \u2018Decaf\u00e9\u2019, un nuevo material realizado a partir de los posos de caf\u00e9 usados. Todo empez\u00f3 con una reflexi\u00f3n que se hicieron muchos dise\u00f1adores: \u00bfpor qu\u00e9 no aprovechar los desechos cotidianos que se acumulan en el d\u00eda a d\u00eda? Laur\u00ed decidi\u00f3 decantarse&#8230;<\/p>\n","protected":false},"author":2,"featured_media":455,"comment_status":"closed","ping_status":"closed","sticky":false,"template":"","format":"gallery","meta":{"footnotes":""},"categories":[2,49,164],"tags":[181,183,182],"class_list":["post-463","post","type-post","status-publish","format-gallery","has-post-thumbnail","hentry","category-cafe","category-historia","category-ritualers-2","tag-decafe","tag-diseno","tag-raul-lauri","post_format-post-format-gallery"],"_links":{"self":[{"href":"https:\/\/www.cafesaula.com\/blog\/wp-json\/wp\/v2\/posts\/463","targetHints":{"allow":["GET"]}}],"collection":[{"href":"https:\/\/www.cafesaula.com\/blog\/wp-json\/wp\/v2\/posts"}],"about":[{"href":"https:\/\/www.cafesaula.com\/blog\/wp-json\/wp\/v2\/types\/post"}],"author":[{"embeddable":true,"href":"https:\/\/www.cafesaula.com\/blog\/wp-json\/wp\/v2\/users\/2"}],"replies":[{"embeddable":true,"href":"https:\/\/www.cafesaula.com\/blog\/wp-json\/wp\/v2\/comments?post=463"}],"version-history":[{"count":7,"href":"https:\/\/www.cafesaula.com\/blog\/wp-json\/wp\/v2\/posts\/463\/revisions"}],"predecessor-version":[{"id":469,"href":"https:\/\/www.cafesaula.com\/blog\/wp-json\/wp\/v2\/posts\/463\/revisions\/469"}],"wp:featuredmedia":[{"embeddable":true,"href":"https:\/\/www.cafesaula.com\/blog\/wp-json\/wp\/v2\/media\/455"}],"wp:attachment":[{"href":"https:\/\/www.cafesaula.com\/blog\/wp-json\/wp\/v2\/media?parent=463"}],"wp:term":[{"taxonomy":"category","embeddable":true,"href":"https:\/\/www.cafesaula.com\/blog\/wp-json\/wp\/v2\/categories?post=463"},{"taxonomy":"post_tag","embeddable":true,"href":"https:\/\/www.cafesaula.com\/blog\/wp-json\/wp\/v2\/tags?post=463"}],"curies":[{"name":"wp","href":"https:\/\/api.w.org\/{rel}","templated":true}]}}