{"id":636,"date":"2015-11-05T07:08:10","date_gmt":"2015-11-05T07:08:10","guid":{"rendered":"http:\/\/www.cafesaula.com\/blog\/?p=636"},"modified":"2015-11-19T09:09:14","modified_gmt":"2015-11-19T09:09:14","slug":"taita-2-un-lloc-de-trobada","status":"publish","type":"post","link":"https:\/\/www.cafesaula.com\/blog\/taita-2-un-lloc-de-trobada\/","title":{"rendered":"Taita 2, un lugar de encuentro"},"content":{"rendered":"<p><\/p>\n<p>En una de las zonas m\u00e1s exclusivas de <strong>Barcelona<\/strong>, justo al lado de <strong>Francesc Maci\u00e0<\/strong>, existe un peque\u00f1o local que, aunque modesto, ha sido y es lugar de encuentro de numerosos personajes p\u00fablicos de renombre. Aunque sus propietarios, <strong>Marisa Santoll y Ventura Antillach<\/strong>, no quieren desvelar sus nombres, s\u00ed que explican como, en el a\u00f1o 98, tuvieron hasta en dos ocasiones como cliente al <strong>Rey Juan Carlos I<\/strong>. \u201cSe qued\u00f3 encantado con nuestro <strong>caf\u00e9<\/strong>\u201d, recuerda Antillach.<\/p>\n<p>Desde hace m\u00e1s de 20 a\u00f1os <a href=\"http:\/\/www.cafesaula.com\/es\/\" target=\"_blank\"><strong>Caf\u00e9 Saula<\/strong><\/a> es la marca que se puede degustar en el <strong>Taita 2<\/strong>, y concretamente ahora la variedad <a href=\"http:\/\/www.cafesaula.com\/store\/es\/cafe-molido\/1-gran-espresso-premium-natural\" target=\"_blank\"><strong>Premium Original<\/strong><\/a>. Si a eso le a\u00f1adimos los exquisitos <strong>pepitos de solomillo de ternera<\/strong> que dan fama al local, la parada es casi obligatoria. Y qui\u00e9n sabe, quiz\u00e1s os encontr\u00e9is con alg\u00fan personaje famoso degustando una <strong>taza de caf\u00e9<\/strong> entre sus mesas.<\/p>\n<p><span style=\"text-decoration: underline;\">\u00a0<strong>Datos:<\/strong><\/span><\/p>\n<p><strong>Direcci\u00f3n:<\/strong> c\/ del Mestre Nicolau, 6<\/p>\n<p><strong>Tel\u00e9fono:<\/strong> 93 209 84 85<\/p>\n<p><strong>Horarios:<\/strong> De lunes a s\u00e1bado de 8 a 17 de la tarde. Domingos y festivos cerrado.<\/p>\n<p>&nbsp;<\/p>\n<div id='gallery-1' class='gallery galleryid-636 gallery-columns-3 gallery-size-full'><figure class='gallery-item'>\n\t\t\t<div class='gallery-icon landscape'>\n\t\t\t\t<a href='https:\/\/www.cafesaula.com\/blog\/taita-2-un-lloc-de-trobada\/1-8\/'><img loading=\"lazy\" decoding=\"async\" width=\"711\" height=\"533\" src=\"https:\/\/www.cafesaula.com\/blog\/wp-content\/uploads\/2015\/10\/1.jpg\" class=\"attachment-full size-full\" alt=\"\" srcset=\"https:\/\/www.cafesaula.com\/blog\/wp-content\/uploads\/2015\/10\/1.jpg 711w, https:\/\/www.cafesaula.com\/blog\/wp-content\/uploads\/2015\/10\/1-240x180.jpg 240w, https:\/\/www.cafesaula.com\/blog\/wp-content\/uploads\/2015\/10\/1-473x355.jpg 473w\" sizes=\"auto, (max-width: 711px) 100vw, 711px\" \/><\/a>\n\t\t\t<\/div><\/figure><figure class='gallery-item'>\n\t\t\t<div class='gallery-icon landscape'>\n\t\t\t\t<a href='https:\/\/www.cafesaula.com\/blog\/taita-2-un-lloc-de-trobada\/2-8\/'><img loading=\"lazy\" decoding=\"async\" width=\"711\" height=\"533\" src=\"https:\/\/www.cafesaula.com\/blog\/wp-content\/uploads\/2015\/10\/2.jpg\" class=\"attachment-full size-full\" alt=\"\" srcset=\"https:\/\/www.cafesaula.com\/blog\/wp-content\/uploads\/2015\/10\/2.jpg 711w, https:\/\/www.cafesaula.com\/blog\/wp-content\/uploads\/2015\/10\/2-240x180.jpg 240w, https:\/\/www.cafesaula.com\/blog\/wp-content\/uploads\/2015\/10\/2-473x355.jpg 473w\" sizes=\"auto, (max-width: 711px) 100vw, 711px\" \/><\/a>\n\t\t\t<\/div><\/figure><figure class='gallery-item'>\n\t\t\t<div class='gallery-icon landscape'>\n\t\t\t\t<a href='https:\/\/www.cafesaula.com\/blog\/taita-2-un-lloc-de-trobada\/3-4\/'><img loading=\"lazy\" decoding=\"async\" width=\"711\" height=\"533\" src=\"https:\/\/www.cafesaula.com\/blog\/wp-content\/uploads\/2015\/10\/3.jpg\" class=\"attachment-full size-full\" alt=\"\" srcset=\"https:\/\/www.cafesaula.com\/blog\/wp-content\/uploads\/2015\/10\/3.jpg 711w, https:\/\/www.cafesaula.com\/blog\/wp-content\/uploads\/2015\/10\/3-240x180.jpg 240w, https:\/\/www.cafesaula.com\/blog\/wp-content\/uploads\/2015\/10\/3-473x355.jpg 473w\" sizes=\"auto, (max-width: 711px) 100vw, 711px\" \/><\/a>\n\t\t\t<\/div><\/figure>\n\t\t<\/div>\n\n<\/p>\n<p><\/p>","protected":false},"excerpt":{"rendered":"<p>En una de las zonas m\u00e1s exclusivas de Barcelona, justo al lado de Francesc Maci\u00e0, existe un peque\u00f1o local que, aunque modesto, ha sido y es lugar de encuentro de numerosos personajes p\u00fablicos de renombre. Aunque sus propietarios, Marisa Santoll y Ventura Antillach, no quieren desvelar sus nombres, s\u00ed que explican como, en el a\u00f1o&#8230;<\/p>\n","protected":false},"author":2,"featured_media":638,"comment_status":"closed","ping_status":"closed","sticky":false,"template":"","format":"gallery","meta":{"footnotes":""},"categories":[93,49],"tags":[52,35,50,301,303,271,302,300],"class_list":["post-636","post","type-post","status-publish","format-gallery","has-post-thumbnail","hentry","category-cafeterias","category-historia","tag-barcelona","tag-cafe-2","tag-cafe-saula","tag-cafeterias-2","tag-personajes-famosos","tag-premium-original","tag-rey-juan-carlos-i","tag-taita-2","post_format-post-format-gallery"],"_links":{"self":[{"href":"https:\/\/www.cafesaula.com\/blog\/wp-json\/wp\/v2\/posts\/636","targetHints":{"allow":["GET"]}}],"collection":[{"href":"https:\/\/www.cafesaula.com\/blog\/wp-json\/wp\/v2\/posts"}],"about":[{"href":"https:\/\/www.cafesaula.com\/blog\/wp-json\/wp\/v2\/types\/post"}],"author":[{"embeddable":true,"href":"https:\/\/www.cafesaula.com\/blog\/wp-json\/wp\/v2\/users\/2"}],"replies":[{"embeddable":true,"href":"https:\/\/www.cafesaula.com\/blog\/wp-json\/wp\/v2\/comments?post=636"}],"version-history":[{"count":13,"href":"https:\/\/www.cafesaula.com\/blog\/wp-json\/wp\/v2\/posts\/636\/revisions"}],"predecessor-version":[{"id":739,"href":"https:\/\/www.cafesaula.com\/blog\/wp-json\/wp\/v2\/posts\/636\/revisions\/739"}],"wp:featuredmedia":[{"embeddable":true,"href":"https:\/\/www.cafesaula.com\/blog\/wp-json\/wp\/v2\/media\/638"}],"wp:attachment":[{"href":"https:\/\/www.cafesaula.com\/blog\/wp-json\/wp\/v2\/media?parent=636"}],"wp:term":[{"taxonomy":"category","embeddable":true,"href":"https:\/\/www.cafesaula.com\/blog\/wp-json\/wp\/v2\/categories?post=636"},{"taxonomy":"post_tag","embeddable":true,"href":"https:\/\/www.cafesaula.com\/blog\/wp-json\/wp\/v2\/tags?post=636"}],"curies":[{"name":"wp","href":"https:\/\/api.w.org\/{rel}","templated":true}]}}