{"id":669,"date":"2015-10-27T17:38:57","date_gmt":"2015-10-27T17:38:57","guid":{"rendered":"http:\/\/www.cafesaula.com\/blog\/?p=669"},"modified":"2015-11-19T09:10:09","modified_gmt":"2015-11-19T09:10:09","slug":"els-alumnes-del-pfi-de-restauracio-visiten-cafe-saula","status":"publish","type":"post","link":"https:\/\/www.cafesaula.com\/blog\/els-alumnes-del-pfi-de-restauracio-visiten-cafe-saula\/","title":{"rendered":"Los alumnos del PFI de restauraci\u00f3n visitan Caf\u00e9 Saula"},"content":{"rendered":"<p><\/p>\n<p>El pasado <strong>23 de octubre<\/strong> tuvimos el placer de recibir en <strong><a href=\"http:\/\/www.cafesaula.com\/es\/\">nuestras instalaciones<\/a><\/strong> a los alumnos del <strong>PFI de restauraci\u00f3n de la <a href=\"http:\/\/www.epiaigualada.cat\/\">Escuela P\u00eda de Igualada<\/a><\/strong>. En la primera parte de la visita, los alumnos pudieron ser testimonios de todo el <strong>proceso de selecci\u00f3n y tueste del caf\u00e9<\/strong> que nos caracteriza. Seguidamente, les mostramos nuestra <strong>aula de formaci\u00f3n<\/strong>, donde el <strong>barista<\/strong> Julio Quiles les ense\u00f1\u00f3 c\u00f3mo preparar un buen <strong>espresso<\/strong>, las <strong><a href=\"https:\/\/www.cafesaula.com\/blog\/es\/diferencies-entre-el-cafe-robusta-i-larabica\/\">diferencias entre el caf\u00e9 ar\u00e1bica y robusta<\/a><\/strong> mediante una <strong>cata<\/strong>, las emulsiones de la leche y la limpieza de la maquinaria. Como guindilla final, los estudiantes pudieron hacer un poco de pr\u00e1ctica con el <strong>latte arte<\/strong>. En definitiva, un encuentro muy estimulante que esperamos poder repetir pronto. \u00a1Un placer chicos!<\/p>\n<div id='gallery-1' class='gallery galleryid-669 gallery-columns-3 gallery-size-full'><figure class='gallery-item'>\n\t\t\t<div class='gallery-icon landscape'>\n\t\t\t\t<a href='https:\/\/www.cafesaula.com\/blog\/els-alumnes-del-pfi-de-restauracio-visiten-cafe-saula\/20151023_132440\/'><img loading=\"lazy\" decoding=\"async\" width=\"711\" height=\"400\" src=\"https:\/\/www.cafesaula.com\/blog\/wp-content\/uploads\/2015\/10\/20151023_132440.jpg\" class=\"attachment-full size-full\" alt=\"\" srcset=\"https:\/\/www.cafesaula.com\/blog\/wp-content\/uploads\/2015\/10\/20151023_132440.jpg 711w, https:\/\/www.cafesaula.com\/blog\/wp-content\/uploads\/2015\/10\/20151023_132440-319x180.jpg 319w, https:\/\/www.cafesaula.com\/blog\/wp-content\/uploads\/2015\/10\/20151023_132440-631x355.jpg 631w\" sizes=\"auto, (max-width: 711px) 100vw, 711px\" \/><\/a>\n\t\t\t<\/div><\/figure><figure class='gallery-item'>\n\t\t\t<div class='gallery-icon landscape'>\n\t\t\t\t<a href='https:\/\/www.cafesaula.com\/blog\/els-alumnes-del-pfi-de-restauracio-visiten-cafe-saula\/20151023_131633\/'><img loading=\"lazy\" decoding=\"async\" width=\"711\" height=\"400\" src=\"https:\/\/www.cafesaula.com\/blog\/wp-content\/uploads\/2015\/10\/20151023_131633.jpg\" class=\"attachment-full size-full\" alt=\"\" srcset=\"https:\/\/www.cafesaula.com\/blog\/wp-content\/uploads\/2015\/10\/20151023_131633.jpg 711w, https:\/\/www.cafesaula.com\/blog\/wp-content\/uploads\/2015\/10\/20151023_131633-319x180.jpg 319w, https:\/\/www.cafesaula.com\/blog\/wp-content\/uploads\/2015\/10\/20151023_131633-631x355.jpg 631w\" sizes=\"auto, (max-width: 711px) 100vw, 711px\" \/><\/a>\n\t\t\t<\/div><\/figure><figure class='gallery-item'>\n\t\t\t<div class='gallery-icon landscape'>\n\t\t\t\t<a href='https:\/\/www.cafesaula.com\/blog\/els-alumnes-del-pfi-de-restauracio-visiten-cafe-saula\/20151023_123420\/'><img loading=\"lazy\" decoding=\"async\" width=\"711\" height=\"400\" src=\"https:\/\/www.cafesaula.com\/blog\/wp-content\/uploads\/2015\/10\/20151023_123420.jpg\" class=\"attachment-full size-full\" alt=\"\" srcset=\"https:\/\/www.cafesaula.com\/blog\/wp-content\/uploads\/2015\/10\/20151023_123420.jpg 711w, https:\/\/www.cafesaula.com\/blog\/wp-content\/uploads\/2015\/10\/20151023_123420-319x180.jpg 319w, https:\/\/www.cafesaula.com\/blog\/wp-content\/uploads\/2015\/10\/20151023_123420-631x355.jpg 631w\" sizes=\"auto, (max-width: 711px) 100vw, 711px\" \/><\/a>\n\t\t\t<\/div><\/figure><figure class='gallery-item'>\n\t\t\t<div class='gallery-icon landscape'>\n\t\t\t\t<a href='https:\/\/www.cafesaula.com\/blog\/els-alumnes-del-pfi-de-restauracio-visiten-cafe-saula\/20151023_130735\/'><img loading=\"lazy\" decoding=\"async\" width=\"711\" height=\"400\" src=\"https:\/\/www.cafesaula.com\/blog\/wp-content\/uploads\/2015\/10\/20151023_130735.jpg\" class=\"attachment-full size-full\" alt=\"\" srcset=\"https:\/\/www.cafesaula.com\/blog\/wp-content\/uploads\/2015\/10\/20151023_130735.jpg 711w, https:\/\/www.cafesaula.com\/blog\/wp-content\/uploads\/2015\/10\/20151023_130735-319x180.jpg 319w, https:\/\/www.cafesaula.com\/blog\/wp-content\/uploads\/2015\/10\/20151023_130735-631x355.jpg 631w\" sizes=\"auto, (max-width: 711px) 100vw, 711px\" \/><\/a>\n\t\t\t<\/div><\/figure><figure class='gallery-item'>\n\t\t\t<div class='gallery-icon landscape'>\n\t\t\t\t<a href='https:\/\/www.cafesaula.com\/blog\/els-alumnes-del-pfi-de-restauracio-visiten-cafe-saula\/20151023_130922\/'><img loading=\"lazy\" decoding=\"async\" width=\"711\" height=\"400\" src=\"https:\/\/www.cafesaula.com\/blog\/wp-content\/uploads\/2015\/10\/20151023_130922.jpg\" class=\"attachment-full size-full\" alt=\"\" srcset=\"https:\/\/www.cafesaula.com\/blog\/wp-content\/uploads\/2015\/10\/20151023_130922.jpg 711w, https:\/\/www.cafesaula.com\/blog\/wp-content\/uploads\/2015\/10\/20151023_130922-319x180.jpg 319w, https:\/\/www.cafesaula.com\/blog\/wp-content\/uploads\/2015\/10\/20151023_130922-631x355.jpg 631w\" sizes=\"auto, (max-width: 711px) 100vw, 711px\" \/><\/a>\n\t\t\t<\/div><\/figure>\n\t\t<\/div>\n\n<p>&nbsp;<\/p>\n<p><\/p>","protected":false},"excerpt":{"rendered":"<p>El pasado 23 de octubre tuvimos el placer de recibir en nuestras instalaciones a los alumnos del PFI de restauraci\u00f3n de la Escuela P\u00eda de Igualada. En la primera parte de la visita, los alumnos pudieron ser testimonios de todo el proceso de selecci\u00f3n y tueste del caf\u00e9 que nos caracteriza. Seguidamente, les mostramos nuestra&#8230;<\/p>\n","protected":false},"author":2,"featured_media":673,"comment_status":"closed","ping_status":"closed","sticky":false,"template":"","format":"gallery","meta":{"footnotes":""},"categories":[2,61],"tags":[316,197,35,55,54,317,314,204,313,315],"class_list":["post-669","post","type-post","status-publish","format-gallery","has-post-thumbnail","hentry","category-cafe","category-esdeveniments","tag-aula-de-formacio","tag-barista","tag-cafe-2","tag-cafe-arabica","tag-cafe-robusta","tag-cata","tag-escola-pia-igualada","tag-latte-arte","tag-pfi-restauracio","tag-proces-de-seleccio","post_format-post-format-gallery"],"_links":{"self":[{"href":"https:\/\/www.cafesaula.com\/blog\/wp-json\/wp\/v2\/posts\/669","targetHints":{"allow":["GET"]}}],"collection":[{"href":"https:\/\/www.cafesaula.com\/blog\/wp-json\/wp\/v2\/posts"}],"about":[{"href":"https:\/\/www.cafesaula.com\/blog\/wp-json\/wp\/v2\/types\/post"}],"author":[{"embeddable":true,"href":"https:\/\/www.cafesaula.com\/blog\/wp-json\/wp\/v2\/users\/2"}],"replies":[{"embeddable":true,"href":"https:\/\/www.cafesaula.com\/blog\/wp-json\/wp\/v2\/comments?post=669"}],"version-history":[{"count":4,"href":"https:\/\/www.cafesaula.com\/blog\/wp-json\/wp\/v2\/posts\/669\/revisions"}],"predecessor-version":[{"id":740,"href":"https:\/\/www.cafesaula.com\/blog\/wp-json\/wp\/v2\/posts\/669\/revisions\/740"}],"wp:featuredmedia":[{"embeddable":true,"href":"https:\/\/www.cafesaula.com\/blog\/wp-json\/wp\/v2\/media\/673"}],"wp:attachment":[{"href":"https:\/\/www.cafesaula.com\/blog\/wp-json\/wp\/v2\/media?parent=669"}],"wp:term":[{"taxonomy":"category","embeddable":true,"href":"https:\/\/www.cafesaula.com\/blog\/wp-json\/wp\/v2\/categories?post=669"},{"taxonomy":"post_tag","embeddable":true,"href":"https:\/\/www.cafesaula.com\/blog\/wp-json\/wp\/v2\/tags?post=669"}],"curies":[{"name":"wp","href":"https:\/\/api.w.org\/{rel}","templated":true}]}}