{"id":767,"date":"2015-12-22T16:25:18","date_gmt":"2015-12-22T16:25:18","guid":{"rendered":"http:\/\/www.cafesaula.com\/blog\/?p=767"},"modified":"2021-04-09T11:36:56","modified_gmt":"2021-04-09T11:36:56","slug":"un-any-ple-de-cafe-i-il%c2%b7lusio","status":"publish","type":"post","link":"https:\/\/www.cafesaula.com\/blog\/un-any-ple-de-cafe-i-il%c2%b7lusio\/","title":{"rendered":"Un a\u00f1o lleno de caf\u00e9 e ilusi\u00f3n"},"content":{"rendered":"<p>Como todo buen <strong><a href=\"http:\/\/www.cafesaula.com\/es\/be-a-ritualer\/\">Ritualer<\/a><\/strong>, este es un momento del a\u00f1o que nos ilusiona y nos hace so\u00f1ar con nuevos proyectos e ilusiones. Por eso, queremos compartir con todos vosotros unas peque\u00f1as reflexiones antes de cerrar el a\u00f1o.<\/p>\n<p>Primero de todo, deciros que hemos detectado con gran entusiasmo que cada vez sois m\u00e1s las personas que se convierten en <strong>aut\u00e9nticos <a href=\"http:\/\/www.cafesaula.com\/es\/be-a-ritualer\/\">Ritualers<\/a><\/strong>. Con esto queremos decir que cada vez m\u00e1s de vosotros sab\u00e9is apreciar las <strong>cualidades de los caf\u00e9s ar\u00e1bicas<\/strong>. As\u00ed como tambi\u00e9n la <strong>calidad y refinamiento<\/strong> que implica hacer el <strong>caf\u00e9<\/strong> en el hogar, de forma manual, mediante la utilizaci\u00f3n de <strong>cafeteras italianas<\/strong>, de <strong>filtro<\/strong> o incluso el placer de <strong>moler los granos de caf\u00e9<\/strong> de forma <strong>artesanal<\/strong> , dedicando unos minutos a este ancestral ritual .<\/p>\n<p>El <strong>consumo de productos de alta gama<\/strong>, entre los que se incluyen los <strong>caf\u00e9s<\/strong> <strong>PREMIUM 100% ARABICAS,<\/strong> como los que tenemos en <strong><a href=\"http:\/\/www.cafesaula.com\/es\/\">Caf\u00e9 Saula<\/a><\/strong>, son cada vez m\u00e1s apreciados por las nuevas generaciones. Los resultados se han traducido, para nosotros, con la necesidad de <strong>ampliar nuestras instalaciones<\/strong>, vender en m\u00e1s puntos diferentes del pa\u00eds y de tener cada vez m\u00e1s <strong>demanda en grandes superficies<\/strong>, como Carrefour o ecol\u00f3gicos como Veritas.<\/p>\n<p>Para este <strong>2016<\/strong> seguiremos trabajando en nuevos proyectos muy interesantes, que pronto podremos compartir con todos vosotros. Y, por supuesto, seguiremos <strong>trabajando en equipo<\/strong> con la m\u00e1xima <strong>profesionalidad y motivaci\u00f3n<\/strong> con el objetivo de conseguir la <strong>taza de caf\u00e9 perfecta<\/strong>.<\/p>\n<p><strong>\u00a1Felices fiestas y prospero 2016!<\/strong><\/p>\n<p><strong>Llu\u00eds Saula<\/strong>, director de Caf\u00e9 Saula<\/p>\n","protected":false},"excerpt":{"rendered":"<p>Como todo buen Ritualer, este es un momento del a\u00f1o que nos ilusiona y nos hace so\u00f1ar con nuevos proyectos e ilusiones. Por eso, queremos compartir con todos vosotros unas peque\u00f1as reflexiones antes de cerrar el a\u00f1o. Primero de todo, deciros que hemos detectado con gran entusiasmo que cada vez sois m\u00e1s las personas que&#8230;<\/p>\n","protected":false},"author":2,"featured_media":768,"comment_status":"closed","ping_status":"closed","sticky":false,"template":"","format":"standard","meta":{"footnotes":""},"categories":[61,164],"tags":[382,381,35,50],"class_list":["post-767","post","type-post","status-publish","format-standard","has-post-thumbnail","hentry","category-esdeveniments","category-ritualers-2","tag-382","tag-bon-nadal","tag-cafe-2","tag-cafe-saula"],"_links":{"self":[{"href":"https:\/\/www.cafesaula.com\/blog\/wp-json\/wp\/v2\/posts\/767","targetHints":{"allow":["GET"]}}],"collection":[{"href":"https:\/\/www.cafesaula.com\/blog\/wp-json\/wp\/v2\/posts"}],"about":[{"href":"https:\/\/www.cafesaula.com\/blog\/wp-json\/wp\/v2\/types\/post"}],"author":[{"embeddable":true,"href":"https:\/\/www.cafesaula.com\/blog\/wp-json\/wp\/v2\/users\/2"}],"replies":[{"embeddable":true,"href":"https:\/\/www.cafesaula.com\/blog\/wp-json\/wp\/v2\/comments?post=767"}],"version-history":[{"count":4,"href":"https:\/\/www.cafesaula.com\/blog\/wp-json\/wp\/v2\/posts\/767\/revisions"}],"predecessor-version":[{"id":2516,"href":"https:\/\/www.cafesaula.com\/blog\/wp-json\/wp\/v2\/posts\/767\/revisions\/2516"}],"wp:featuredmedia":[{"embeddable":true,"href":"https:\/\/www.cafesaula.com\/blog\/wp-json\/wp\/v2\/media\/768"}],"wp:attachment":[{"href":"https:\/\/www.cafesaula.com\/blog\/wp-json\/wp\/v2\/media?parent=767"}],"wp:term":[{"taxonomy":"category","embeddable":true,"href":"https:\/\/www.cafesaula.com\/blog\/wp-json\/wp\/v2\/categories?post=767"},{"taxonomy":"post_tag","embeddable":true,"href":"https:\/\/www.cafesaula.com\/blog\/wp-json\/wp\/v2\/tags?post=767"}],"curies":[{"name":"wp","href":"https:\/\/api.w.org\/{rel}","templated":true}]}}