{"id":827,"date":"2016-02-18T12:19:59","date_gmt":"2016-02-18T12:19:59","guid":{"rendered":"http:\/\/www.cafesaula.com\/blog\/?p=827"},"modified":"2016-02-19T07:49:13","modified_gmt":"2016-02-19T07:49:13","slug":"cafe-saula-nou-cafe-oficial-de-portaventura-world-parks-resort","status":"publish","type":"post","link":"https:\/\/www.cafesaula.com\/blog\/cafe-saula-nou-cafe-oficial-de-portaventura-world-parks-resort\/","title":{"rendered":"Caf\u00e9 Saula, nuevo caf\u00e9 oficial de PortAventura World Parks &#038; Resort"},"content":{"rendered":"<p>Es para nosotros una gran alegr\u00eda anunciaros que <strong><a href=\"http:\/\/www.cafesaula.com\/es\/\">Caf\u00e9 Saula<\/a><\/strong> ha sido escogido <strong>colaborador oficial de <a href=\"https:\/\/www.portaventuraworld.com\/promociones\/entrada-hotel?gclid=CKeruc76gMsCFWkTwwodJ2INPA\">PortAventura World Parks &amp; Resort<\/a><\/strong>, un hecho que nos da la <strong>exclusividad de la venta de caf\u00e9<\/strong> en todo el recinto del <em>resort<\/em> de ocio familiar m\u00e1s importante de Europa.<\/p>\n<p>Este acuerdo nos permitir\u00e1 tener una gran presencia y visibilidad de nuestra <strong><a href=\"http:\/\/www.cafesaula.com\/store\/es\/\">l\u00ednea de productos<\/a> <\/strong>en todas las zonas de <strong><a href=\"https:\/\/www.portaventuraworld.com\/promociones\/entrada-hotel?gclid=CKeruc76gMsCFWkTwwodJ2INPA\">PortAventura World<\/a><\/strong>, incluyendo el <strong>dise\u00f1o de dos <em>coffe shops<\/em><\/strong>: uno en la zona de la <strong>Mediterr\u00e1nea<\/strong> y otro en el <strong>Hotel Port Aventura<\/strong>. Adem\u00e1s, este acuerdo que hemos firmado como <strong>caf\u00e9 oficial de Port Aventura<\/strong> se har\u00e1 extensivo durante los pr\u00f3ximos <strong>6 a\u00f1os<\/strong>, es decir, hasta el <strong>2021<\/strong>.<\/p>\n<p>\u201cInstalaremos hasta <strong>100 m\u00e1quinas de caf\u00e9<\/strong> en el parque \u2013nos explica <strong>Llu\u00eds Saula<\/strong>, Director General de <strong><a href=\"http:\/\/www.cafesaula.com\/es\/\">Caf\u00e9 Saula<\/a><\/strong>&#8211; y ser\u00e1n de dos tipos: <strong>profesionales y s\u00faper autom\u00e1ticas<\/strong>, adem\u00e1s de nuestra presencia en las cafeter\u00edas de la entrada al parque y en el Hotel PortAventura, donde ofreceremos nuestro <strong>caf\u00e9 Premium Original<\/strong>, una variedad <strong>100% Ar\u00e1bica<\/strong> considerada una exquisitez en todo el mundo\u201d.<\/p>\n<p>Desde <strong><a href=\"http:\/\/www.cafesaula.com\/es\/\">Caf\u00e9 Saula<\/a><\/strong> prevemos un volumen de <strong>14.000 kg de caf\u00e9 al a\u00f1o<\/strong> destinados en <strong>Port Aventura<\/strong>, que se traducir\u00e1n en una previsi\u00f3n de <strong>1.800.000 tazas consumidas cada a\u00f1o<\/strong> de <strong>caf\u00e9 <em>espresso<\/em><\/strong>, cortado, caf\u00e9 con leche y <strong><em>capuccinos<\/em><\/strong>.<\/p>\n<p>\u201cEstamos muy satisfechos de poder incorporar en el <em>resort <\/em><strong><a href=\"http:\/\/www.cafesaula.com\/es\/\">Caf\u00e9 Saula<\/a><\/strong>, un <em>partner<\/em> especializado en el <strong>caf\u00e9 de alta calidad<\/strong>, que propone un <strong>servicio t\u00e9cnico permanente<\/strong> que garantiza el mejor producto y servicio a los m\u00e1s de <strong>4 millones de visitantes<\/strong> que vienen a <strong><a href=\"https:\/\/www.portaventuraworld.com\/promociones\/entrada-hotel?gclid=CKeruc76gMsCFWkTwwodJ2INPA\">Port Aventura<\/a><\/strong> cada temporada\u201d, asegura <strong>Giovanni Cavalli<\/strong>, Director Comercial del Port Aventura.<\/p>\n<p>Sin duda, esta es una noticia muy especial que nos llena de alegr\u00eda en <strong><a href=\"http:\/\/www.cafesaula.com\/es\/\">Caf\u00e9 Saula<\/a><\/strong>!<\/p>\n<p><strong>Pronto os daremos m\u00e1s informaci\u00f3n!<\/strong><\/p>","protected":false},"excerpt":{"rendered":"<p>Es para nosotros una gran alegr\u00eda anunciaros que Caf\u00e9 Saula ha sido escogido colaborador oficial de PortAventura World Parks &amp; Resort, un hecho que nos da la exclusividad de la venta de caf\u00e9 en todo el recinto del resort de ocio familiar m\u00e1s importante de Europa. Este acuerdo nos permitir\u00e1 tener una gran presencia y&#8230;<\/p>\n","protected":false},"author":2,"featured_media":830,"comment_status":"closed","ping_status":"closed","sticky":false,"template":"","format":"standard","meta":{"footnotes":""},"categories":[61,365],"tags":[35,50,409,97,408,407],"class_list":["post-827","post","type-post","status-publish","format-standard","has-post-thumbnail","hentry","category-esdeveniments","category-novetats","tag-cafe-2","tag-cafe-saula","tag-coffee-shops","tag-lluis-saula","tag-port-aventura","tag-portaventura-world"],"_links":{"self":[{"href":"https:\/\/www.cafesaula.com\/blog\/wp-json\/wp\/v2\/posts\/827","targetHints":{"allow":["GET"]}}],"collection":[{"href":"https:\/\/www.cafesaula.com\/blog\/wp-json\/wp\/v2\/posts"}],"about":[{"href":"https:\/\/www.cafesaula.com\/blog\/wp-json\/wp\/v2\/types\/post"}],"author":[{"embeddable":true,"href":"https:\/\/www.cafesaula.com\/blog\/wp-json\/wp\/v2\/users\/2"}],"replies":[{"embeddable":true,"href":"https:\/\/www.cafesaula.com\/blog\/wp-json\/wp\/v2\/comments?post=827"}],"version-history":[{"count":9,"href":"https:\/\/www.cafesaula.com\/blog\/wp-json\/wp\/v2\/posts\/827\/revisions"}],"predecessor-version":[{"id":855,"href":"https:\/\/www.cafesaula.com\/blog\/wp-json\/wp\/v2\/posts\/827\/revisions\/855"}],"wp:featuredmedia":[{"embeddable":true,"href":"https:\/\/www.cafesaula.com\/blog\/wp-json\/wp\/v2\/media\/830"}],"wp:attachment":[{"href":"https:\/\/www.cafesaula.com\/blog\/wp-json\/wp\/v2\/media?parent=827"}],"wp:term":[{"taxonomy":"category","embeddable":true,"href":"https:\/\/www.cafesaula.com\/blog\/wp-json\/wp\/v2\/categories?post=827"},{"taxonomy":"post_tag","embeddable":true,"href":"https:\/\/www.cafesaula.com\/blog\/wp-json\/wp\/v2\/tags?post=827"}],"curies":[{"name":"wp","href":"https:\/\/api.w.org\/{rel}","templated":true}]}}