{"id":954,"date":"2016-04-03T16:30:25","date_gmt":"2016-04-03T16:30:25","guid":{"rendered":"http:\/\/www.cafesaula.com\/blog\/?p=954"},"modified":"2016-04-03T16:31:39","modified_gmt":"2016-04-03T16:31:39","slug":"video-descobreix-la-historia-de-cafe-saula","status":"publish","type":"post","link":"https:\/\/www.cafesaula.com\/blog\/video-descobreix-la-historia-de-cafe-saula\/","title":{"rendered":"VIDEO: Descubre la historia de Caf\u00e9 Saula"},"content":{"rendered":"<p><\/p>\n<p>Hac\u00eda tiempo que en <a href=\"http:\/\/www.cafesaula.com\/es\/\" target=\"_blank\"><strong>Caf\u00e9 Saula<\/strong><\/a> ten\u00edamos pendiente ense\u00f1aros, de una forma amena y divertida, <strong>cu\u00e1l es nuestra historia y nuestros or\u00edgenes<\/strong>. Ahora por fin os lo podemos mostrar gracias a este <strong>nuevo v\u00eddeo<\/strong> que hemos creado.<\/p>\n<p><strong>\u00a1\u00a1Esperamos que os guste!!<\/strong><\/p>\n<\/p>\n<p><\/p>","protected":false},"excerpt":{"rendered":"<p>Hac\u00eda tiempo que en Caf\u00e9 Saula ten\u00edamos pendiente ense\u00f1aros, de una forma amena y divertida, cu\u00e1l es nuestra historia y nuestros or\u00edgenes. Ahora por fin os lo podemos mostrar gracias a este nuevo v\u00eddeo que hemos creado. \u00a1\u00a1Esperamos que os guste!!<\/p>\n","protected":false},"author":2,"featured_media":957,"comment_status":"closed","ping_status":"closed","sticky":false,"template":"","format":"video","meta":{"footnotes":""},"categories":[2,49,164],"tags":[52,35,50,60,297,66],"class_list":["post-954","post","type-post","status-publish","format-video","has-post-thumbnail","hentry","category-cafe","category-historia","category-ritualers-2","tag-barcelona","tag-cafe-2","tag-cafe-saula","tag-espresso","tag-historia-2","tag-premium","post_format-post-format-video"],"_links":{"self":[{"href":"https:\/\/www.cafesaula.com\/blog\/wp-json\/wp\/v2\/posts\/954","targetHints":{"allow":["GET"]}}],"collection":[{"href":"https:\/\/www.cafesaula.com\/blog\/wp-json\/wp\/v2\/posts"}],"about":[{"href":"https:\/\/www.cafesaula.com\/blog\/wp-json\/wp\/v2\/types\/post"}],"author":[{"embeddable":true,"href":"https:\/\/www.cafesaula.com\/blog\/wp-json\/wp\/v2\/users\/2"}],"replies":[{"embeddable":true,"href":"https:\/\/www.cafesaula.com\/blog\/wp-json\/wp\/v2\/comments?post=954"}],"version-history":[{"count":4,"href":"https:\/\/www.cafesaula.com\/blog\/wp-json\/wp\/v2\/posts\/954\/revisions"}],"predecessor-version":[{"id":959,"href":"https:\/\/www.cafesaula.com\/blog\/wp-json\/wp\/v2\/posts\/954\/revisions\/959"}],"wp:featuredmedia":[{"embeddable":true,"href":"https:\/\/www.cafesaula.com\/blog\/wp-json\/wp\/v2\/media\/957"}],"wp:attachment":[{"href":"https:\/\/www.cafesaula.com\/blog\/wp-json\/wp\/v2\/media?parent=954"}],"wp:term":[{"taxonomy":"category","embeddable":true,"href":"https:\/\/www.cafesaula.com\/blog\/wp-json\/wp\/v2\/categories?post=954"},{"taxonomy":"post_tag","embeddable":true,"href":"https:\/\/www.cafesaula.com\/blog\/wp-json\/wp\/v2\/tags?post=954"}],"curies":[{"name":"wp","href":"https:\/\/api.w.org\/{rel}","templated":true}]}}